{"id":97916,"date":"2023-02-17T14:37:28","date_gmt":"2023-02-17T17:37:28","guid":{"rendered":"https:\/\/www.actualidadadiario.com\/?p=97916"},"modified":"2023-02-17T14:37:28","modified_gmt":"2023-02-17T17:37:28","slug":"jorge-capitanich-cristina-es-la-constructora-lider-y-referente-del-frente-de-todos","status":"publish","type":"post","link":"https:\/\/www.actualidadadiario.com\/index.php\/2023\/02\/17\/jorge-capitanich-cristina-es-la-constructora-lider-y-referente-del-frente-de-todos\/","title":{"rendered":"Jorge Capitanich: &#8220;Cristina es la constructora, l\u00edder y referente del Frente de Todos&#8221;"},"content":{"rendered":"<p style=\"text-align: center;\"><em><strong>El gobernador de Chaco revel\u00f3 detalles de la cumbre del oficialismo. Insisti\u00f3 en que se debe trabajar para que la vicepresidenta juegue en las elecciones 2023 y habl\u00f3 de los desaf\u00edos que tiene el Frente de Todos por delante. La trastienda de la cumbre peronista<\/strong><\/em><\/p>\n<p>&nbsp;<\/p>\n<p>&nbsp;<\/p>\n<p>El gobernador de Chaco, Jorge Capitanich, defini\u00f3 este viernes como \u201cuna reuni\u00f3n muy productiva\u201d el primer encuentro de la mesa nacional del Frente de Todos para definir la estrategia electoral a meses en las pr\u00f3ximas elecciones. En di\u00e1logo con AM750, afirm\u00f3 que se debe trabajar para vencer la proscripci\u00f3n de Cristina Kirchner y se\u00f1al\u00f3 que se debe construir la candidatura de la vice. Unidad, PASO y la agenda del gobierno, claves de la cumbre.<\/p>\n<p>Capitanich revel\u00f3 detalles de la extensa reuni\u00f3n de la mesa del Frente de Todos que se realiz\u00f3 este jueves en la sede del PJ, y en la que participaron Alberto Fern\u00e1ndez, Sergio Massa, M\u00e1ximo Kirchner y un nutrido grupo de gobernadores, diputados y sindicalistas. El mandatario chaque\u00f1o describi\u00f3 que fueron \u201ccinco horas de debate intenso\u201d y remarc\u00f3 que se lleg\u00f3 a la \u201cs\u00edntesis del compromiso de todos los actores para profundizar la unidad en la diversidad como garant\u00eda para una estrategia electoral que promueva el triunfo\u201d.<\/p>\n<p>Capitanich se\u00f1al\u00f3 que la idea de la unidad se da \u201cno sin antes dejar en claro el repudio a lo que significa la estrategia judicial para pretender proscribir a Cristina Kirchner\u201d. Por eso, el gobernador se\u00f1al\u00f3 que en el encuentro \u201cse plante\u00f3 el tema del &#8216;no&#8217; a la proscripci\u00f3n y el s\u00ed a una estrategia para convencer y que la vicepresidenta desista de su voluntad de no presentarse\u201d.<\/p>\n<p>En ese contexto, el exjefe de Gabinete explic\u00f3 que se deben discutir las condiciones para \u201cgenerar la solidez de un plan de Gobierno\u201d, y armar \u201cun acuerdo program\u00e1tico que permita tener equipos con capacidades efectivas\u201d.<\/p>\n<p>De todos modos, el gobernador de Chaco le baj\u00f3 el tono a las especulaciones en torno a las discusiones de la mesa del Frente de Todos respecto a posibles candidaturas de cara a las elecciones 2023. Consultado por V\u00edctor Hugo, aclar\u00f3 que \u201cno se habl\u00f3 de ninguna candidatura en particular&#8221;, pero s\u00ed de la &#8220;referencia ineludible e incuestionable de Cristina como la constructora, l\u00edder y referente del espacio\u201d.<\/p>\n<p>\u201cEn ese sentido, lo que hemos planteado todos es &#8216;no a la proscripci\u00f3n&#8217; y s\u00ed a una decisi\u00f3n. En ese contexto, entendemos que con esta desigualdad de car\u00e1cter social es ingobernable el sistema pol\u00edtico\u201d, agreg\u00f3.<\/p>\n<p>&nbsp;<\/p>\n<p><strong>Los desaf\u00edos de la democracia<\/strong><\/p>\n<p>Por otro lado, Capitanich consider\u00f3 en este contexto electoral que \u201ces primordial entender que gobiernos o movimientos pol\u00edticos de base democr\u00e1tica con representaci\u00f3n ciudadana deben propender a generar la capacidad para arbitrar una contradicci\u00f3n fundamental que democracia vs. corporaciones\u201d.<\/p>\n<p>As\u00ed, explic\u00f3: \u201cEntiendo que este es el gran dilema de la actualidad. El neoliberalismo se apropia del Estado para satisfacer los intereses corporativos, excluyendo los derechos de las mayor\u00edas. Induce, a trav\u00e9s del anarcocapitalismo, a la destrucci\u00f3n sistem\u00e1tica del Estado de bienestar y la agudizaci\u00f3n de las desigualdades sociales\u201d.<\/p>\n","protected":false},"excerpt":{"rendered":"<p>El gobernador de Chaco revel\u00f3 detalles de la cumbre del oficialismo. Insisti\u00f3 en que se debe trabajar para que la vicepresidenta juegue en las elecciones 2023 y habl\u00f3 de los desaf\u00edos que tiene el Frente de Todos por delante. La trastienda de la cumbre peronista &nbsp; &nbsp; El gobernador de Chaco, Jorge Capitanich, defini\u00f3 este viernes como \u201cuna reuni\u00f3n muy productiva\u201d el primer encuentro de la mesa nacional del Frente de Todos para definir la estrategia electoral a meses en las pr\u00f3ximas elecciones. En di\u00e1logo con AM750, afirm\u00f3 que se&#8230;<\/p>\n","protected":false},"author":3,"featured_media":97917,"comment_status":"closed","ping_status":"closed","sticky":false,"template":"","format":"standard","meta":[],"categories":[18],"tags":[],"_links":{"self":[{"href":"https:\/\/www.actualidadadiario.com\/index.php\/wp-json\/wp\/v2\/posts\/97916"}],"collection":[{"href":"https:\/\/www.actualidadadiario.com\/index.php\/wp-json\/wp\/v2\/posts"}],"about":[{"href":"https:\/\/www.actualidadadiario.com\/index.php\/wp-json\/wp\/v2\/types\/post"}],"author":[{"embeddable":true,"href":"https:\/\/www.actualidadadiario.com\/index.php\/wp-json\/wp\/v2\/users\/3"}],"replies":[{"embeddable":true,"href":"https:\/\/www.actualidadadiario.com\/index.php\/wp-json\/wp\/v2\/comments?post=97916"}],"version-history":[{"count":1,"href":"https:\/\/www.actualidadadiario.com\/index.php\/wp-json\/wp\/v2\/posts\/97916\/revisions"}],"predecessor-version":[{"id":97918,"href":"https:\/\/www.actualidadadiario.com\/index.php\/wp-json\/wp\/v2\/posts\/97916\/revisions\/97918"}],"wp:featuredmedia":[{"embeddable":true,"href":"https:\/\/www.actualidadadiario.com\/index.php\/wp-json\/wp\/v2\/media\/97917"}],"wp:attachment":[{"href":"https:\/\/www.actualidadadiario.com\/index.php\/wp-json\/wp\/v2\/media?parent=97916"}],"wp:term":[{"taxonomy":"category","embeddable":true,"href":"https:\/\/www.actualidadadiario.com\/index.php\/wp-json\/wp\/v2\/categories?post=97916"},{"taxonomy":"post_tag","embeddable":true,"href":"https:\/\/www.actualidadadiario.com\/index.php\/wp-json\/wp\/v2\/tags?post=97916"}],"curies":[{"name":"wp","href":"https:\/\/api.w.org\/{rel}","templated":true}]}}