{"id":97914,"date":"2023-02-17T14:36:45","date_gmt":"2023-02-17T17:36:45","guid":{"rendered":"https:\/\/www.actualidadadiario.com\/?p=97914"},"modified":"2023-02-17T14:36:45","modified_gmt":"2023-02-17T17:36:45","slug":"balance-legislativo-2022-que-diputados-hablaron-mas-y-quienes-menos","status":"publish","type":"post","link":"https:\/\/www.actualidadadiario.com\/index.php\/2023\/02\/17\/balance-legislativo-2022-que-diputados-hablaron-mas-y-quienes-menos\/","title":{"rendered":"Balance legislativo 2022: que diputados hablaron m\u00e1s y quienes menos"},"content":{"rendered":"<p style=\"text-align: center;\"><em><strong>La C\u00e1mara baja tuvo un a\u00f1o con poca productividad y sesiones en 2022. 19 diputados no realizaron discursos durante todo el a\u00f1o, mientras que 7 de ellos no expresaron ni una palabra<\/strong><\/em><\/p>\n<p>&nbsp;<\/p>\n<p>&nbsp;<\/p>\n<p>El 2022 fue un a\u00f1o legislativo que ser\u00e1 recordado por una baja productividad en la C\u00e1mara de Diputados: el n\u00famero de sesiones se redujo a 14 y la cantidad de leyes aprobadas fue de un n\u00famero bajo. En este contexto, se public\u00f3 el \u00cdndice de Calidad legislativa.<\/p>\n<p>El an\u00e1lisis, elaborado por el portal Parlamentario, deja expuesto el trabajo de cada uno de los legisladores, tanto de los que m\u00e1s hablaron como de los que apenas pronunciaron unas pocas palabras. Se estima que siete diputados decidieron no hablar en 2022, mientras que 19 no dieron ning\u00fan discurso.<\/p>\n<p>&nbsp;<\/p>\n<p><strong>Los que m\u00e1s hablaron<\/strong><\/p>\n<p>El \u00edndice estableci\u00f3 un ranking donde se encuentran los legisladores con m\u00e1s actividad en el recinto durante todo el a\u00f1o pasado:<\/p>\n<p><strong>Cecilia Moreu:<\/strong> la presidenta de la C\u00e1mara baja asumi\u00f3 en su rol despu\u00e9s de que Sergio Massa renunciara y se convirtiera en ministro de Econom\u00eda. Si bien inici\u00f3 sus funciones al mando de diputados en agosto, el tiempo fue suficiente para que la dirigente del Frente Renovador 28.301 palabras en el recinto. Massa, en cambio, ocup\u00f3 el octavo lugar con 14.690 palabras.<\/p>\n<p>&nbsp;<\/p>\n<p><strong>Romina Del Pl\u00e1:<\/strong> que Romina Del Pl\u00e1 sea la escolta de Moreau significa una postura por parte de la izquierda a la hora de brindar sus discursos. Con sus 28.073 palabras, la diputada expres\u00f3 casi 2.000 palabras m\u00e1s que Germ\u00e1n Mart\u00ednez. Sin embargo, no es algo nuevo: en 2018 Del Pl\u00e1 ya hab\u00eda ocupado el tercer puesto con 29.840 palabras.<\/p>\n<p>&nbsp;<\/p>\n<p><strong>Germ\u00e1n Mart\u00ednez:<\/strong> en su primer a\u00f1o como presidente del bloque oficialista, el diputado logr\u00f3 un total de 25.855 palabras.<\/p>\n<p>&nbsp;<\/p>\n<p><strong>Miryam Bregman:<\/strong> tal como sucedi\u00f3 con Del Pl\u00e1, la izquierda se hizo notar a la hora de hablar en la C\u00e1mara de Diputados. En sus intervenciones, Bregman contabiliza un total de 20.070 palabras.<\/p>\n<p>&nbsp;<\/p>\n<p><strong>Luis Di Giacomo:<\/strong> Di Giacomo ocup\u00f3 el quinto lugar con 18.218 palabras y super\u00f3 por poco margen a Carlos Heller, presidente de la Comisi\u00f3n de Presupuesto y Hacienda.<\/p>\n<p>&nbsp;<\/p>\n<p><strong>Los que menos hablaron<\/strong><\/p>\n<p>Sin embargo, el recinto del Congreso mostr\u00f3 tambi\u00e9n la contracara de los diputados con menos participaci\u00f3n legislativa en 2022. Seis de los siete que no hablaron ni dieron discursos forman parte del Frente de Todos: Daniel Brue, Graciela Navarro, Nelly Daldovo, y los bonaerenses Julio Pereyra, M\u00e1ximo Kirchner y Liliana Yambrun. La lista se cierra con Carlos Alberto Fern\u00e1ndez, perteneciente al Frente de la Concordia.<\/p>\n<p>A esta lista se suman aquellos legisladores que no dieron discursos y que \u00fanicamente usaron su micr\u00f3fono para aclarar el sentido de su voto: Emilio Monz\u00f3, quien figura con 10 palabras, y Sebasti\u00e1n Garc\u00eda de Luca (25), An\u00edbal Tortoriello (18), Victoria Borrego (7), Pablo Torello (4) y Sof\u00eda Brambilla (3), Mar\u00eda Luisa Montoto (6), Ramiro Fern\u00e1ndez Patri (6), Ricardo Daives (4), Claudia Ormachea (4), Mar\u00eda Sotolano (4) y Vanesa Massetani (3).<\/p>\n","protected":false},"excerpt":{"rendered":"<p>La C\u00e1mara baja tuvo un a\u00f1o con poca productividad y sesiones en 2022. 19 diputados no realizaron discursos durante todo el a\u00f1o, mientras que 7 de ellos no expresaron ni una palabra &nbsp; &nbsp; El 2022 fue un a\u00f1o legislativo que ser\u00e1 recordado por una baja productividad en la C\u00e1mara de Diputados: el n\u00famero de sesiones se redujo a 14 y la cantidad de leyes aprobadas fue de un n\u00famero bajo. En este contexto, se public\u00f3 el \u00cdndice de Calidad legislativa. El an\u00e1lisis, elaborado por el portal Parlamentario, deja expuesto&#8230;<\/p>\n","protected":false},"author":3,"featured_media":94605,"comment_status":"closed","ping_status":"closed","sticky":false,"template":"","format":"standard","meta":[],"categories":[18],"tags":[],"_links":{"self":[{"href":"https:\/\/www.actualidadadiario.com\/index.php\/wp-json\/wp\/v2\/posts\/97914"}],"collection":[{"href":"https:\/\/www.actualidadadiario.com\/index.php\/wp-json\/wp\/v2\/posts"}],"about":[{"href":"https:\/\/www.actualidadadiario.com\/index.php\/wp-json\/wp\/v2\/types\/post"}],"author":[{"embeddable":true,"href":"https:\/\/www.actualidadadiario.com\/index.php\/wp-json\/wp\/v2\/users\/3"}],"replies":[{"embeddable":true,"href":"https:\/\/www.actualidadadiario.com\/index.php\/wp-json\/wp\/v2\/comments?post=97914"}],"version-history":[{"count":1,"href":"https:\/\/www.actualidadadiario.com\/index.php\/wp-json\/wp\/v2\/posts\/97914\/revisions"}],"predecessor-version":[{"id":97915,"href":"https:\/\/www.actualidadadiario.com\/index.php\/wp-json\/wp\/v2\/posts\/97914\/revisions\/97915"}],"wp:featuredmedia":[{"embeddable":true,"href":"https:\/\/www.actualidadadiario.com\/index.php\/wp-json\/wp\/v2\/media\/94605"}],"wp:attachment":[{"href":"https:\/\/www.actualidadadiario.com\/index.php\/wp-json\/wp\/v2\/media?parent=97914"}],"wp:term":[{"taxonomy":"category","embeddable":true,"href":"https:\/\/www.actualidadadiario.com\/index.php\/wp-json\/wp\/v2\/categories?post=97914"},{"taxonomy":"post_tag","embeddable":true,"href":"https:\/\/www.actualidadadiario.com\/index.php\/wp-json\/wp\/v2\/tags?post=97914"}],"curies":[{"name":"wp","href":"https:\/\/api.w.org\/{rel}","templated":true}]}}