{"id":97908,"date":"2023-02-17T14:30:00","date_gmt":"2023-02-17T17:30:00","guid":{"rendered":"https:\/\/www.actualidadadiario.com\/?p=97908"},"modified":"2023-02-17T14:30:00","modified_gmt":"2023-02-17T17:30:00","slug":"democracia-sin-proscripciones-unidad-para-transformar-el-documento-del-fdt","status":"publish","type":"post","link":"https:\/\/www.actualidadadiario.com\/index.php\/2023\/02\/17\/democracia-sin-proscripciones-unidad-para-transformar-el-documento-del-fdt\/","title":{"rendered":"&#8220;Democracia sin proscripciones. Unidad para transformar&#8221;, el documento del FdT"},"content":{"rendered":"<p style=\"text-align: center;\"><em><strong>El escrito se\u00f1al\u00f3 que los y las representantes de los diversos espacios que conforman el Frente de Todxs rechaza el impedimento electoral de Cristina Kirchner, tras la inhabilitaci\u00f3n especial perpetua para ejercer cargos p\u00fablicos<\/strong><\/em><\/p>\n<p>&nbsp;<\/p>\n<p>&nbsp;<\/p>\n<p>&nbsp;<\/p>\n<p>El Frente de Todos emiti\u00f3 un documento titulado &#8220;Democracia sin proscripciones. Unidad para transformar&#8221;, en el que rechaz\u00f3 la proscripci\u00f3n electoral de la vicepresidenta Cristina Fern\u00e1ndez de Kirchner, tras la inhabilitaci\u00f3n especial perpetua para ejercer cargos p\u00fablicos impuesta por el veredicto del Tribunal Oral Federal 2 en la causa Vialidad, y calific\u00f3 a las PASO como una &#8220;herramienta institucional&#8221; para &#8220;abrir la participaci\u00f3n de los partidos&#8221;\u00b7<\/p>\n<p>El documento, que se conoci\u00f3 a las 2 de la madrugada de este viernes, tras la reuni\u00f3n que mantuvieron en la sede nacional del Partido Justicialista encabezada por el presidente Alberto Fern\u00e1ndez, se\u00f1al\u00f3 que &#8220;los y las representantes de los diversos espacios que conforman el Frente de Todxs nos reunimos hoy para poner en com\u00fan las estrategias necesarias para hacer frente a los desaf\u00edos que tenemos por delante&#8221;.<\/p>\n<p>&#8220;Estamos en un contexto internacional de incertidumbre a partir de las consecuencias de la pandemia, las guerras y los conflictos por la hegemon\u00eda mundial&#8221;, prosigui\u00f3.<\/p>\n<p>Y ampli\u00f3: &#8220;El mayor triunfo de los poderes concentrados es someter a la sociedad en el des\u00e1nimo y en el enojo, en la frustraci\u00f3n y el descreimiento. Quieren convertir una situaci\u00f3n global muy adversa en un fatalismo del que no hay salida&#8221;.<\/p>\n<p>El escrito consider\u00f3 que &#8220;en 2023 se enfrentar\u00e1n dos modelos de pa\u00eds. La Argentina de un progreso compartido, democr\u00e1tica e igualitaria; y el anacronismo de una derecha que concibe al pa\u00eds como una plataforma de negocios para unos pocos. No tienen nada nuevo para decir. Repiten f\u00f3rmulas que han fracasado hace d\u00e9cadas, salvo para enriquecer a peque\u00f1os grupos privilegiados&#8221;.<\/p>\n<p>&#8220;En este marco, quienes integramos esta mesa tenemos como responsabilidad disponer las acciones necesarias para impedir la proscripci\u00f3n de la compa\u00f1era vicepresidenta Cristina Fern\u00e1ndez de Kirchner cuyo liderazgo y potencia electoral no nos puede ser arrebatado. No hay, o no deber\u00eda haber, ning\u00fan poder econ\u00f3mico, medi\u00e1tico o judicial capaz de decidir por encima de la voluntad popular&#8221;, indic\u00f3.<\/p>\n<p>&#8220;En este marco &#8211; agrega-, la unidad en la diversidad es un valor importante para quienes formamos parte del Frente de Todxs. Somos plenamente conscientes del particular momento que vive nuestra sociedad. Conocemos todas las demandas econ\u00f3micas y sociales de las que a\u00fan tenemos que dar respuestas concretas&#8221;.<\/p>\n<p>&#8220;Por eso, es tarea primordial de quienes formamos parte de este proyecto pol\u00edtico continuar los esfuerzos para reducir la inflaci\u00f3n, aumentar el poder adquisitivo de los salarios y trabajar en cada una de las pol\u00edticas p\u00fablicas necesarias para que nuestra gente viva mejor. Ese fue el contrato electoral que acordamos de cara a la sociedad en 2019 y por el cual debemos seguir trabajando&#8221;, enfatiz\u00f3.<\/p>\n<p>Y refiri\u00f3 que &#8220;estos cuatro a\u00f1os de gobierno se vieron atravesados por circunstancias externas, como la pandemia y la guerra, que agravaron la situaci\u00f3n de una econom\u00eda devastada y sometida a un endeudamiento salvaje por el gobierno de Macri&#8221;.<\/p>\n<p>M\u00e1s adelante expuso que &#8220;a pesar de este contexto, se realizaron esfuerzos que es necesario reconocer y reivindicar como parte de las tareas que nos toc\u00f3 llevar adelante. Es necesario avanzar hacia una etapa que le permita recuperar al pueblo argentino la esperanza&#8221;.<\/p>\n<p>&#8220;Hoy m\u00e1s que nunca tenemos que estar al lado de cada argentino y argentina que enfrenta dificultades y trabajar junto a ellos para construir el pa\u00eds en el que queremos vivir los pr\u00f3ximos cincuenta a\u00f1os&#8221;, continu\u00f3.<\/p>\n<p>&#8220;Pero para evitar un retorno de la derecha, una parte fundamental de la estrategia del Frente es reforzar la unidad en la diversidad. Articular todas las diferentes miradas del Frente de Todxs y tambi\u00e9n a quienes se quieran sumar a este proyecto por una Argentina que crezca con paz, igualdad y libertad&#8221;, expuso.<\/p>\n<p>Reconoci\u00f3 que &#8220;las PASO son la herramienta institucional creadas por nuestro gobierno durante el a\u00f1o 2010, para abrir la participaci\u00f3n de los partidos y sintetizar las diferentes visiones de un proyecto com\u00fan. El Frente de Todxs mira a los argentinos a los ojos. Hemos atravesado enormes dificultades, pero aqu\u00ed estamos construyendo el presente y el futuro&#8221;.<\/p>\n<p>&#8220;Queremos representar a los millones de argentinos y argentinas que quieren una Naci\u00f3n donde se promueva y proteja a quien produce y a quien trabaja; donde se creen empleos con derechos plenos que permitan el progreso individual y de cada comunidad; donde el sistema cient\u00edfico tecnol\u00f3gico y las universidades nacionales sean un orgullo para todas las personas; donde la igualdad entre varones y mujeres y el pleno respeto a las diversidades sean una realidad cotidiana; donde el federalismo sea un principio y una pr\u00e1ctica de reducci\u00f3n de brechas de desigualdad, para contar con un pa\u00eds cada vez m\u00e1s justo e integrado&#8221;, subray\u00f3.<\/p>\n<p>Y concluy\u00f3: &#8220;Nuevamente en 2023 el futuro del pa\u00eds est\u00e1 en juego. El Frente de Todxs, unido, reafirma su orgullo por las luchas y los logros del pasado; su compromiso con este complejo presente; y su voluntad indeclinable de construir una patria libre, justa y soberana&#8221;.<\/p>\n","protected":false},"excerpt":{"rendered":"<p>El escrito se\u00f1al\u00f3 que los y las representantes de los diversos espacios que conforman el Frente de Todxs rechaza el impedimento electoral de Cristina Kirchner, tras la inhabilitaci\u00f3n especial perpetua para ejercer cargos p\u00fablicos &nbsp; &nbsp; &nbsp; El Frente de Todos emiti\u00f3 un documento titulado &#8220;Democracia sin proscripciones. Unidad para transformar&#8221;, en el que rechaz\u00f3 la proscripci\u00f3n electoral de la vicepresidenta Cristina Fern\u00e1ndez de Kirchner, tras la inhabilitaci\u00f3n especial perpetua para ejercer cargos p\u00fablicos impuesta por el veredicto del Tribunal Oral Federal 2 en la causa Vialidad, y calific\u00f3 a&#8230;<\/p>\n","protected":false},"author":3,"featured_media":97909,"comment_status":"closed","ping_status":"closed","sticky":false,"template":"","format":"standard","meta":[],"categories":[9],"tags":[],"_links":{"self":[{"href":"https:\/\/www.actualidadadiario.com\/index.php\/wp-json\/wp\/v2\/posts\/97908"}],"collection":[{"href":"https:\/\/www.actualidadadiario.com\/index.php\/wp-json\/wp\/v2\/posts"}],"about":[{"href":"https:\/\/www.actualidadadiario.com\/index.php\/wp-json\/wp\/v2\/types\/post"}],"author":[{"embeddable":true,"href":"https:\/\/www.actualidadadiario.com\/index.php\/wp-json\/wp\/v2\/users\/3"}],"replies":[{"embeddable":true,"href":"https:\/\/www.actualidadadiario.com\/index.php\/wp-json\/wp\/v2\/comments?post=97908"}],"version-history":[{"count":1,"href":"https:\/\/www.actualidadadiario.com\/index.php\/wp-json\/wp\/v2\/posts\/97908\/revisions"}],"predecessor-version":[{"id":97910,"href":"https:\/\/www.actualidadadiario.com\/index.php\/wp-json\/wp\/v2\/posts\/97908\/revisions\/97910"}],"wp:featuredmedia":[{"embeddable":true,"href":"https:\/\/www.actualidadadiario.com\/index.php\/wp-json\/wp\/v2\/media\/97909"}],"wp:attachment":[{"href":"https:\/\/www.actualidadadiario.com\/index.php\/wp-json\/wp\/v2\/media?parent=97908"}],"wp:term":[{"taxonomy":"category","embeddable":true,"href":"https:\/\/www.actualidadadiario.com\/index.php\/wp-json\/wp\/v2\/categories?post=97908"},{"taxonomy":"post_tag","embeddable":true,"href":"https:\/\/www.actualidadadiario.com\/index.php\/wp-json\/wp\/v2\/tags?post=97908"}],"curies":[{"name":"wp","href":"https:\/\/api.w.org\/{rel}","templated":true}]}}