{"id":97905,"date":"2023-02-17T14:29:12","date_gmt":"2023-02-17T17:29:12","guid":{"rendered":"https:\/\/www.actualidadadiario.com\/?p=97905"},"modified":"2023-02-17T14:29:12","modified_gmt":"2023-02-17T17:29:12","slug":"el-fdt-llamo-a-impedir-la-proscripcion-de-cfk-y-valorizo-las-paso","status":"publish","type":"post","link":"https:\/\/www.actualidadadiario.com\/index.php\/2023\/02\/17\/el-fdt-llamo-a-impedir-la-proscripcion-de-cfk-y-valorizo-las-paso\/","title":{"rendered":"El FdT llam\u00f3 a &#8220;impedir la proscripci\u00f3n&#8221; de CFK y valoriz\u00f3 las PASO"},"content":{"rendered":"<p style=\"text-align: center;\"><em><strong>El Frente de Todos realiz\u00f3 el primer encuentro de su mesa pol\u00edtica en una reuni\u00f3n que se extendi\u00f3 por m\u00e1s de cinco horas y termin\u00f3 pasadas la 1.30 de la madrugada del viernes en la sede partidaria del PJ, que concluy\u00f3 con un discurso del presidente Alberto Fern\u00e1ndez y la difusi\u00f3n de un documento titulado &#8220;Democracia sin proscripciones. Unidad para transformar&#8221;<\/strong><\/em><\/p>\n<p>&nbsp;<\/p>\n<p>&nbsp;<\/p>\n<p>El texto fue debatido al detalle por todos los espacios pol\u00edticos, sociales y sindicales que componen la coalici\u00f3n oficialista y en uno de sus puntos claves, en el p\u00e1rrafo quinto, hace expl\u00edcito el compromiso de quienes integran la mesa de &#8220;disponer las acciones necesarias para impedir la proscripci\u00f3n de la compa\u00f1era vicepresidenta Cristina Fern\u00e1ndez de Kirchner&#8221;.<\/p>\n<p>Ese planteo subraya que el &#8220;liderazgo y potencia electoral&#8221; de la Vicepresidenta &#8220;no puede ser arrebatado&#8221; a los votantes del FdT, y apunta sobre el Poder Judicial al se\u00f1alar que &#8220;no hay, o no deber\u00eda haber, ning\u00fan poder econ\u00f3mico, medi\u00e1tico o judicial capaz de decidir por encima de la voluntad popular&#8221;.<\/p>\n<p>Otro punto sustancial del documento advierte que una &#8220;parte fundamental de la estrategia&#8221; del oficialismo ser\u00e1 &#8220;reforzar la unidad en la diversidad&#8221;, para lo cual se propone &#8220;articular las diferentes miradas del FdT y tambi\u00e9n a quienes se quieran sumar a este proyecto por una Argentina que crezca con paz, igualdad y libertad&#8221;.<\/p>\n<p>En ese sentido, los dirigentes del FdT que estuvieron en el local de Matheu 130 coincidieron que el recurso para encontrar una s\u00edntesis entre esa diversidad ser\u00e1n las Primarias Abiertas, Simult\u00e1neas y Obligatorias (PASO).<\/p>\n<p>En el p\u00e1rrafo 9\u00ba de la declaraci\u00f3n, el oficialismo define a las PASO como &#8220;la herramienta institucional creada por nuestro Gobierno durante el a\u00f1o 2010 (en el primer mandato de Cristina Fern\u00e1ndez de Kirchner) para abrir la participaci\u00f3n de los partidos y sintetizar las diferentes visiones en un proyecto com\u00fan&#8221;.<\/p>\n<p>De ese modo, los 33 participantes del encuentro coincidieron en que esa instancia de participaci\u00f3n creada por ley ser\u00e1 la mejor alternativa para definir las principales candidaturas de la coalici\u00f3n gobernante, un espacio plural y heterog\u00e9neo que incluye fuertes debates en su interior y no oculta sus diferencias.<\/p>\n","protected":false},"excerpt":{"rendered":"<p>El Frente de Todos realiz\u00f3 el primer encuentro de su mesa pol\u00edtica en una reuni\u00f3n que se extendi\u00f3 por m\u00e1s de cinco horas y termin\u00f3 pasadas la 1.30 de la madrugada del viernes en la sede partidaria del PJ, que concluy\u00f3 con un discurso del presidente Alberto Fern\u00e1ndez y la difusi\u00f3n de un documento titulado &#8220;Democracia sin proscripciones. Unidad para transformar&#8221; &nbsp; &nbsp; El texto fue debatido al detalle por todos los espacios pol\u00edticos, sociales y sindicales que componen la coalici\u00f3n oficialista y en uno de sus puntos claves, en&#8230;<\/p>\n","protected":false},"author":3,"featured_media":97906,"comment_status":"closed","ping_status":"closed","sticky":false,"template":"","format":"standard","meta":[],"categories":[9],"tags":[],"_links":{"self":[{"href":"https:\/\/www.actualidadadiario.com\/index.php\/wp-json\/wp\/v2\/posts\/97905"}],"collection":[{"href":"https:\/\/www.actualidadadiario.com\/index.php\/wp-json\/wp\/v2\/posts"}],"about":[{"href":"https:\/\/www.actualidadadiario.com\/index.php\/wp-json\/wp\/v2\/types\/post"}],"author":[{"embeddable":true,"href":"https:\/\/www.actualidadadiario.com\/index.php\/wp-json\/wp\/v2\/users\/3"}],"replies":[{"embeddable":true,"href":"https:\/\/www.actualidadadiario.com\/index.php\/wp-json\/wp\/v2\/comments?post=97905"}],"version-history":[{"count":1,"href":"https:\/\/www.actualidadadiario.com\/index.php\/wp-json\/wp\/v2\/posts\/97905\/revisions"}],"predecessor-version":[{"id":97907,"href":"https:\/\/www.actualidadadiario.com\/index.php\/wp-json\/wp\/v2\/posts\/97905\/revisions\/97907"}],"wp:featuredmedia":[{"embeddable":true,"href":"https:\/\/www.actualidadadiario.com\/index.php\/wp-json\/wp\/v2\/media\/97906"}],"wp:attachment":[{"href":"https:\/\/www.actualidadadiario.com\/index.php\/wp-json\/wp\/v2\/media?parent=97905"}],"wp:term":[{"taxonomy":"category","embeddable":true,"href":"https:\/\/www.actualidadadiario.com\/index.php\/wp-json\/wp\/v2\/categories?post=97905"},{"taxonomy":"post_tag","embeddable":true,"href":"https:\/\/www.actualidadadiario.com\/index.php\/wp-json\/wp\/v2\/tags?post=97905"}],"curies":[{"name":"wp","href":"https:\/\/api.w.org\/{rel}","templated":true}]}}