{"id":97899,"date":"2023-02-17T14:27:36","date_gmt":"2023-02-17T17:27:36","guid":{"rendered":"https:\/\/www.actualidadadiario.com\/?p=97899"},"modified":"2023-02-17T14:27:36","modified_gmt":"2023-02-17T17:27:36","slug":"oficializan-asistencia-economica-para-el-transporte-urbano-en-las-provincias","status":"publish","type":"post","link":"https:\/\/www.actualidadadiario.com\/index.php\/2023\/02\/17\/oficializan-asistencia-economica-para-el-transporte-urbano-en-las-provincias\/","title":{"rendered":"Oficializan asistencia econ\u00f3mica para el transporte urbano en las provincias"},"content":{"rendered":"<p style=\"text-align: center;\"><em><strong>La medida, formalizada con la publicaci\u00f3n en el Bolet\u00edn Oficial, garantiza 28.000 millones para que todos accedan a la tarifa social y dem\u00e1s programas del Estado nacional los meses de enero, febrero, marzo y abril<\/strong><\/em><\/p>\n<p>&nbsp;<\/p>\n<p>&nbsp;<\/p>\n<p>El Gobierno nacional oficializ\u00f3 la asistencia econ\u00f3mica de 28.000 millones de pesos para las provincias, correspondientes al Fondo Compensador de los primeros cuatro meses del a\u00f1o.<\/p>\n<p>La medida qued\u00f3 formalizada este viernes con la publicaci\u00f3n en el Bolet\u00edn Oficial de la resoluci\u00f3n 86\/2023, que lleva la firma del ministro de Transporte de la Naci\u00f3n, Diego Giuliano.<\/p>\n<p>Los 28.000 millones de pesos que el Ministerio de Transporte distribuir\u00e1 entre las provincias, corresponden a la asistencia al transporte automotor urbano y suburbano de pasajeros del interior del pa\u00eds para los meses de enero, febrero, marzo y abril.<\/p>\n<p>En este sentido, para recibir la asistencia econ\u00f3mica, las provincias o municipios deber\u00e1n firmar un convenio correspondiente a este a\u00f1o con la Secretar\u00eda de Articulaci\u00f3n Interjurisdiccional en los pr\u00f3ximos 30 d\u00edas, y adem\u00e1s, cada jurisdicci\u00f3n deber\u00e1 aportar a las empresas prestadoras de los servicios provinciales y municipales de transporte como m\u00ednimo un monto econ\u00f3mico igual a lo aportado por el Estado Nacional.<\/p>\n<p>La provincia o municipio que a\u00fan no tenga operativo el sistema SUBE, y en el marco de la obligatoriedad que establece la normativa, deber\u00e1 solicitar su implementaci\u00f3n.<\/p>\n<p>&#8220;Con esta medida, el Ministerio de Transporte busca garantizar que todos los argentinos y argentinas accedan a la tarifa social y dem\u00e1s programas del Estado nacional que permiten una equidad y mejor distribuci\u00f3n de los recursos relacionados al transporte p\u00fablico a trav\u00e9s del descuento en el valor del boleto&#8221;, se inform\u00f3.<\/p>\n<p>Asimismo, luego de que el Ministerio de Transporte transfiera el monto econ\u00f3mico que corresponde a la jurisdicci\u00f3n provincial y\/o municipal beneficiaria, \u00e9sta deber\u00e1 distribuir los fondos en forma directa a las empresas prestadoras de los servicios provinciales y municipales de transporte dentro de los dos d\u00edas h\u00e1biles de que recibi\u00f3 el pago.<\/p>\n<p>Para todo este a\u00f1o, la asistencia econ\u00f3mica del Gobierno nacional al interior del pa\u00eds establecida por el Presupuesto aprobado por el Congreso y a trav\u00e9s del Fondo Compensador alcanzar\u00e1 un incremento del 1.305% en comparaci\u00f3n con el 2019, cuando el gobierno anterior transfiri\u00f3 solamente 6.000 millones de pesos para el sector.<\/p>\n","protected":false},"excerpt":{"rendered":"<p>La medida, formalizada con la publicaci\u00f3n en el Bolet\u00edn Oficial, garantiza 28.000 millones para que todos accedan a la tarifa social y dem\u00e1s programas del Estado nacional los meses de enero, febrero, marzo y abril &nbsp; &nbsp; El Gobierno nacional oficializ\u00f3 la asistencia econ\u00f3mica de 28.000 millones de pesos para las provincias, correspondientes al Fondo Compensador de los primeros cuatro meses del a\u00f1o. La medida qued\u00f3 formalizada este viernes con la publicaci\u00f3n en el Bolet\u00edn Oficial de la resoluci\u00f3n 86\/2023, que lleva la firma del ministro de Transporte de la&#8230;<\/p>\n","protected":false},"author":3,"featured_media":97900,"comment_status":"closed","ping_status":"closed","sticky":false,"template":"","format":"standard","meta":[],"categories":[2],"tags":[],"_links":{"self":[{"href":"https:\/\/www.actualidadadiario.com\/index.php\/wp-json\/wp\/v2\/posts\/97899"}],"collection":[{"href":"https:\/\/www.actualidadadiario.com\/index.php\/wp-json\/wp\/v2\/posts"}],"about":[{"href":"https:\/\/www.actualidadadiario.com\/index.php\/wp-json\/wp\/v2\/types\/post"}],"author":[{"embeddable":true,"href":"https:\/\/www.actualidadadiario.com\/index.php\/wp-json\/wp\/v2\/users\/3"}],"replies":[{"embeddable":true,"href":"https:\/\/www.actualidadadiario.com\/index.php\/wp-json\/wp\/v2\/comments?post=97899"}],"version-history":[{"count":1,"href":"https:\/\/www.actualidadadiario.com\/index.php\/wp-json\/wp\/v2\/posts\/97899\/revisions"}],"predecessor-version":[{"id":97901,"href":"https:\/\/www.actualidadadiario.com\/index.php\/wp-json\/wp\/v2\/posts\/97899\/revisions\/97901"}],"wp:featuredmedia":[{"embeddable":true,"href":"https:\/\/www.actualidadadiario.com\/index.php\/wp-json\/wp\/v2\/media\/97900"}],"wp:attachment":[{"href":"https:\/\/www.actualidadadiario.com\/index.php\/wp-json\/wp\/v2\/media?parent=97899"}],"wp:term":[{"taxonomy":"category","embeddable":true,"href":"https:\/\/www.actualidadadiario.com\/index.php\/wp-json\/wp\/v2\/categories?post=97899"},{"taxonomy":"post_tag","embeddable":true,"href":"https:\/\/www.actualidadadiario.com\/index.php\/wp-json\/wp\/v2\/tags?post=97899"}],"curies":[{"name":"wp","href":"https:\/\/api.w.org\/{rel}","templated":true}]}}