{"id":97887,"date":"2023-02-17T14:23:30","date_gmt":"2023-02-17T17:23:30","guid":{"rendered":"https:\/\/www.actualidadadiario.com\/?p=97887"},"modified":"2023-02-17T14:23:30","modified_gmt":"2023-02-17T17:23:30","slug":"vuelta-a-clases-2023-el-calendario-escolar-provincia-por-provincia","status":"publish","type":"post","link":"https:\/\/www.actualidadadiario.com\/index.php\/2023\/02\/17\/vuelta-a-clases-2023-el-calendario-escolar-provincia-por-provincia\/","title":{"rendered":"Vuelta a clases 2023: el calendario escolar, provincia por provincia"},"content":{"rendered":"<p style=\"text-align: center;\"><em><strong>El gobierno nacional hizo p\u00fablico el cronograma del ciclo lectivo para el regreso de los alumnos a las aulas a trav\u00e9s de su sitio web, que comenzar\u00e1 entre fines de febrero y principios de marzo en los distintos territorios del pa\u00eds<\/strong><\/em><\/p>\n<p>&nbsp;<\/p>\n<p>&nbsp;<\/p>\n<p>La vuelta a clases 2023 se estableci\u00f3 oficialmente. El gobierno nacional hizo p\u00fablico el cronograma del ciclo lectivo para el regreso de los alumnos a las aulas a trav\u00e9s de su sitio web, que comenzar\u00e1 entre fines de febrero y principios de marzo en los distintos territorios del pa\u00eds. As\u00ed, quedaron definidas las fechas para el comienzo del a\u00f1o escolar en los colegios de todas las provincias de la Rep\u00fablica Argentina.<\/p>\n<p>\u201cDentro de un mes, se prev\u00e9 que el 71% de las escuelas primarias del pa\u00eds tengan un 25% m\u00e1s de horas de clases en su cronograma. Se prev\u00e9 pasar de 720 a 960 horas. En definitiva, se trata de un plan que contempla m\u00e1s a\u00f1os de escolarizaci\u00f3n, sumado a los 190 d\u00edas de clases y al incremento de las horas. Son m\u00e1s a\u00f1os y m\u00e1s d\u00edas de clase, esto es la clave y es lo que hay que hacer\u201d, explic\u00f3 el ministro de Educaci\u00f3n de la Naci\u00f3n, Jaime Perczyk.<\/p>\n<p>En este sentido, el Poder Ejecutivo afirm\u00f3 que al calendario 2023 se le integrar\u00e1 38 d\u00edas m\u00e1s de clases, tras haber llegado a un acuerdo nacional con los distintos dirigentes provinciales del pa\u00eds para sumar una quinta hora extra al dictado de clases en las escuelas. Comenzar\u00e1 a implementarse en las siguientes provincias:<\/p>\n<ul>\n<li>Tucum\u00e1n<\/li>\n<li>Santa Cruz<\/li>\n<li>Chaco<\/li>\n<li>Catamarca<\/li>\n<li>Entre R\u00edos<\/li>\n<li>Tierra del Fuego<\/li>\n<li>Salta<\/li>\n<li>Santa Fe<\/li>\n<li>Corrientes<\/li>\n<li>R\u00edo Negro<\/li>\n<li>Formosa<\/li>\n<li>Jujuy<\/li>\n<li>Santiago del Estero<\/li>\n<li>San Juan<\/li>\n<li>Mendoza<\/li>\n<li>C\u00f3rdoba<\/li>\n<\/ul>\n<p>&nbsp;<\/p>\n<p><strong>\u00bfC\u00f3mo qued\u00f3 conformado el cronograma de la vuelta a clases 2023?<\/strong><\/p>\n<p>Las dos jornadas fijadas para la vuelta a clases 2023 en los colegios argentinos son:<\/p>\n<p><strong>El 27 de febrero para:<\/strong><\/p>\n<ul>\n<li>Capital Federal,<\/li>\n<li>Chubut,<\/li>\n<li>C\u00f3rdoba,<\/li>\n<li>Entre R\u00edos,<\/li>\n<li>Formosa,<\/li>\n<li>Mendoza,<\/li>\n<li>R\u00edo Negro,<\/li>\n<li>Salta,<\/li>\n<li>San Luis<\/li>\n<li>Santa Cruz.<\/li>\n<\/ul>\n<p>&nbsp;<\/p>\n<p><strong>El 1\u00b0 de marzo para:<\/strong><\/p>\n<ul>\n<li>Buenos Aires,<\/li>\n<li>Catamarca,<\/li>\n<li>Chaco,<\/li>\n<li>Jujuy,<\/li>\n<li>La Pampa,<\/li>\n<li>Misiones,<\/li>\n<li>Neuqu\u00e9n,<\/li>\n<li>San Juan,<\/li>\n<li>Santa Fe,<\/li>\n<li>Santiago del Estero,<\/li>\n<li>Tierra del Fuego<\/li>\n<li>Tucum\u00e1n.<\/li>\n<\/ul>\n<p>La \u00fanica provincia que se encuentra fuera del listado general es La Rioja, debido a que su calendario escolar empezar\u00e1 el 2 de marzo.<\/p>\n<p>&nbsp;<\/p>\n<p><strong>\u00bfCu\u00e1les son las pol\u00edticas educativas que se implementar\u00e1n a partir del calendario escolar 2023?<\/strong><\/p>\n<p>El ministro de educaci\u00f3n de la Naci\u00f3n. Jaime Perczyk junto al secretario de Evaluaci\u00f3n e informaci\u00f3n Educativa, Germ\u00e1n Lodola, planificaron el nuevo sistema de trayectoria de clases para el calendario escolar 2023. \u00bfEn qu\u00e9 consiste?<\/p>\n<p>El proyecto se basar\u00e1 en una plataforma que registrar\u00e1 con nombre y apellido a todos los alumnos a nivel pa\u00eds, el cual permitir\u00e1 llevar a cabo un registro individual y detallado de su desempe\u00f1o acad\u00e9mico mediante el Sistema Integral de Informaci\u00f3n Digital Educativa.<\/p>\n<p>Se trata de una estructura de informaci\u00f3n nominal para relevar todos los establecimientos de aprendizaje de la Argentina con una \u00fanica aplicaci\u00f3n web.<\/p>\n<p>Adem\u00e1s, la integraci\u00f3n de una \u201cquinta hora extra\u201d diaria, significar\u00e1 que los estudiantes de primaria y secundaria completar\u00e1n el equivalente a un ciclo lectivo m\u00e1s.<\/p>\n","protected":false},"excerpt":{"rendered":"<p>El gobierno nacional hizo p\u00fablico el cronograma del ciclo lectivo para el regreso de los alumnos a las aulas a trav\u00e9s de su sitio web, que comenzar\u00e1 entre fines de febrero y principios de marzo en los distintos territorios del pa\u00eds &nbsp; &nbsp; La vuelta a clases 2023 se estableci\u00f3 oficialmente. El gobierno nacional hizo p\u00fablico el cronograma del ciclo lectivo para el regreso de los alumnos a las aulas a trav\u00e9s de su sitio web, que comenzar\u00e1 entre fines de febrero y principios de marzo en los distintos territorios&#8230;<\/p>\n","protected":false},"author":3,"featured_media":88546,"comment_status":"closed","ping_status":"closed","sticky":false,"template":"","format":"standard","meta":[],"categories":[9],"tags":[],"_links":{"self":[{"href":"https:\/\/www.actualidadadiario.com\/index.php\/wp-json\/wp\/v2\/posts\/97887"}],"collection":[{"href":"https:\/\/www.actualidadadiario.com\/index.php\/wp-json\/wp\/v2\/posts"}],"about":[{"href":"https:\/\/www.actualidadadiario.com\/index.php\/wp-json\/wp\/v2\/types\/post"}],"author":[{"embeddable":true,"href":"https:\/\/www.actualidadadiario.com\/index.php\/wp-json\/wp\/v2\/users\/3"}],"replies":[{"embeddable":true,"href":"https:\/\/www.actualidadadiario.com\/index.php\/wp-json\/wp\/v2\/comments?post=97887"}],"version-history":[{"count":1,"href":"https:\/\/www.actualidadadiario.com\/index.php\/wp-json\/wp\/v2\/posts\/97887\/revisions"}],"predecessor-version":[{"id":97888,"href":"https:\/\/www.actualidadadiario.com\/index.php\/wp-json\/wp\/v2\/posts\/97887\/revisions\/97888"}],"wp:featuredmedia":[{"embeddable":true,"href":"https:\/\/www.actualidadadiario.com\/index.php\/wp-json\/wp\/v2\/media\/88546"}],"wp:attachment":[{"href":"https:\/\/www.actualidadadiario.com\/index.php\/wp-json\/wp\/v2\/media?parent=97887"}],"wp:term":[{"taxonomy":"category","embeddable":true,"href":"https:\/\/www.actualidadadiario.com\/index.php\/wp-json\/wp\/v2\/categories?post=97887"},{"taxonomy":"post_tag","embeddable":true,"href":"https:\/\/www.actualidadadiario.com\/index.php\/wp-json\/wp\/v2\/tags?post=97887"}],"curies":[{"name":"wp","href":"https:\/\/api.w.org\/{rel}","templated":true}]}}