{"id":97872,"date":"2023-02-16T15:53:37","date_gmt":"2023-02-16T18:53:37","guid":{"rendered":"https:\/\/www.actualidadadiario.com\/?p=97872"},"modified":"2023-02-16T15:53:37","modified_gmt":"2023-02-16T18:53:37","slug":"papa-francisco-sobre-su-renuncia-no-esta-en-mi-agenda-por-el-momento","status":"publish","type":"post","link":"https:\/\/www.actualidadadiario.com\/index.php\/2023\/02\/16\/papa-francisco-sobre-su-renuncia-no-esta-en-mi-agenda-por-el-momento\/","title":{"rendered":"Papa Francisco sobre su renuncia: \u00abNo est\u00e1 en mi agenda por el momento\u00bb"},"content":{"rendered":"<p style=\"text-align: center;\"><em><strong>En 2013, el papa Benedicto XVI, citando su fr\u00e1gil salud f\u00edsica y mental, se convirti\u00f3 en el primer pont\u00edfice en renunciar en 600 a\u00f1os<\/strong><\/em><\/p>\n<p>&nbsp;<\/p>\n<p>&nbsp;<\/p>\n<p>En su conversaci\u00f3n con los jesuitas africanos durante su visita a la Rep\u00fablica Democr\u00e1tica del Congo este mes, el papa Francisco expres\u00f3 que su propia renuncia por motivos de salud \u00abno est\u00e1 en mi agenda por el momento\u00bb. Adem\u00e1s, agreg\u00f3 que la renuncia de los pont\u00edfices en lugar de gobernar de por vida no deber\u00eda convertirse en una \u00abmoda\u00bb en la Iglesia Cat\u00f3lica Romana y ocurrir solo en \u00abcircunstancias verdaderamente excepcionales\u00bb.<\/p>\n<p>Estos dichos se alejaron de los anteriores comentarios en los que Francisco dijo que una vida m\u00e1s larga y las mejoras m\u00e9dicas podr\u00edan hacer de los papas jubilados una instituci\u00f3n en la Iglesia. El peri\u00f3dico La Stampa public\u00f3 los comentarios este jueves en una nota del padre Antonio Spadaro, un sacerdote jesuita radicado en Roma que asiste a las reuniones y escribe sobre ellas despu\u00e9s con el permiso del Papa.<\/p>\n<p>En Kinshasa, se le pregunt\u00f3 al pont\u00edfice si podr\u00eda renunciar. Repiti\u00f3 un comentario hecho por primera vez a un peri\u00f3dico espa\u00f1ol en diciembre de 2013, cuando meses despu\u00e9s de su elecci\u00f3n, entreg\u00f3 a un funcionario del Vaticano una carta de renuncia para que la usara en caso de que alg\u00fan d\u00eda sufriera una condici\u00f3n m\u00e9dica grave que lo dejar\u00eda permanentemente inconsciente e incapaz de tomar decisiones.<\/p>\n<p>\u00abSin embargo, esto no significa de ninguna manera que la jubilaci\u00f3n de los papas deba convertirse, digamos, en una moda, algo normal\u00bb, dijo. \u00abCreo que el ministerio papal debe ser de por vida. No veo una raz\u00f3n por la que no deber\u00eda ser as\u00ed\u2026 la tradici\u00f3n hist\u00f3rica es importante. S\u00ed, en cambio, escuchamos chismes, entonces tendr\u00edamos que cambiar de papa cada seis meses\u00bb, agreg\u00f3, seg\u00fan replic\u00f3 Reuters.<\/p>\n<p>En 2013, el papa Benedicto XVI, citando su fr\u00e1gil salud f\u00edsica y mental, se convirti\u00f3 en el primer pont\u00edfice en renunciar en 600 a\u00f1os. Vivi\u00f3 casi 10 a\u00f1os m\u00e1s y, seg\u00fan sus principales asesores, permaneci\u00f3 l\u00facido hasta unos d\u00edas antes de su muerte el pasado 31 de diciembre.<\/p>\n","protected":false},"excerpt":{"rendered":"<p>En 2013, el papa Benedicto XVI, citando su fr\u00e1gil salud f\u00edsica y mental, se convirti\u00f3 en el primer pont\u00edfice en renunciar en 600 a\u00f1os &nbsp; &nbsp; En su conversaci\u00f3n con los jesuitas africanos durante su visita a la Rep\u00fablica Democr\u00e1tica del Congo este mes, el papa Francisco expres\u00f3 que su propia renuncia por motivos de salud \u00abno est\u00e1 en mi agenda por el momento\u00bb. Adem\u00e1s, agreg\u00f3 que la renuncia de los pont\u00edfices en lugar de gobernar de por vida no deber\u00eda convertirse en una \u00abmoda\u00bb en la Iglesia Cat\u00f3lica Romana&#8230;<\/p>\n","protected":false},"author":3,"featured_media":97873,"comment_status":"closed","ping_status":"closed","sticky":false,"template":"","format":"standard","meta":[],"categories":[4],"tags":[],"_links":{"self":[{"href":"https:\/\/www.actualidadadiario.com\/index.php\/wp-json\/wp\/v2\/posts\/97872"}],"collection":[{"href":"https:\/\/www.actualidadadiario.com\/index.php\/wp-json\/wp\/v2\/posts"}],"about":[{"href":"https:\/\/www.actualidadadiario.com\/index.php\/wp-json\/wp\/v2\/types\/post"}],"author":[{"embeddable":true,"href":"https:\/\/www.actualidadadiario.com\/index.php\/wp-json\/wp\/v2\/users\/3"}],"replies":[{"embeddable":true,"href":"https:\/\/www.actualidadadiario.com\/index.php\/wp-json\/wp\/v2\/comments?post=97872"}],"version-history":[{"count":1,"href":"https:\/\/www.actualidadadiario.com\/index.php\/wp-json\/wp\/v2\/posts\/97872\/revisions"}],"predecessor-version":[{"id":97874,"href":"https:\/\/www.actualidadadiario.com\/index.php\/wp-json\/wp\/v2\/posts\/97872\/revisions\/97874"}],"wp:featuredmedia":[{"embeddable":true,"href":"https:\/\/www.actualidadadiario.com\/index.php\/wp-json\/wp\/v2\/media\/97873"}],"wp:attachment":[{"href":"https:\/\/www.actualidadadiario.com\/index.php\/wp-json\/wp\/v2\/media?parent=97872"}],"wp:term":[{"taxonomy":"category","embeddable":true,"href":"https:\/\/www.actualidadadiario.com\/index.php\/wp-json\/wp\/v2\/categories?post=97872"},{"taxonomy":"post_tag","embeddable":true,"href":"https:\/\/www.actualidadadiario.com\/index.php\/wp-json\/wp\/v2\/tags?post=97872"}],"curies":[{"name":"wp","href":"https:\/\/api.w.org\/{rel}","templated":true}]}}