{"id":97869,"date":"2023-02-16T15:52:54","date_gmt":"2023-02-16T18:52:54","guid":{"rendered":"https:\/\/www.actualidadadiario.com\/?p=97869"},"modified":"2023-02-16T15:52:54","modified_gmt":"2023-02-16T18:52:54","slug":"espana-aprobo-el-libre-cambio-de-genero-a-partir-de-los-16-anos","status":"publish","type":"post","link":"https:\/\/www.actualidadadiario.com\/index.php\/2023\/02\/16\/espana-aprobo-el-libre-cambio-de-genero-a-partir-de-los-16-anos\/","title":{"rendered":"Espa\u00f1a aprob\u00f3 el libre cambio de g\u00e9nero a partir de los 16 a\u00f1os"},"content":{"rendered":"<p style=\"text-align: center;\"><em><strong>El Congreso espa\u00f1ol aprob\u00f3 este jueves definitivamente una ley que autoriza la libre autodeterminaci\u00f3n de g\u00e9nero, tras meses de debate en el seno del Gobierno progresista del presidente Pedro S\u00e1nchez<\/strong><\/em><\/p>\n<p>&nbsp;<\/p>\n<p>&nbsp;<\/p>\n<p>La norma, aprobada por una amplia mayor\u00eda de los diputados, abre la puerta a que cualquier persona a partir de los 16 a\u00f1os cambie libremente de g\u00e9nero mediante un sencillo procedimiento administrativo.<\/p>\n<p>Iniciativa insignia del partido de izquierda Podemos, socio minoritario en el gobierno de los socialistas de S\u00e1nchez, la conocida como \u201cley trans\u201d fue aprobada en primera lectura en el Congreso de los Diputados en diciembre y validada por el Senado hace una semana.<\/p>\n<p>Ya no ser\u00e1n necesarios los requisitos exigidos hasta ahora: un informe m\u00e9dico que diagnostique disforia de g\u00e9nero y una prueba de tratamiento hormonal por dos a\u00f1os, inform\u00f3 la agencia de noticias AFP.<\/p>\n<p>Los j\u00f3venes entre 14 y 16 a\u00f1os necesitar\u00e1n acompa\u00f1amiento de sus tutores legales y entre 12 y 14, una autorizaci\u00f3n judicial.<\/p>\n<p>&nbsp;<\/p>\n<p><strong>Reforma de ley del aborto<\/strong><\/p>\n<p>Los diputados espa\u00f1oles aprobaron tambi\u00e9n, de manera definitiva, una reforma de la ley del aborto que devuelve el derecho a la interrupci\u00f3n del embarazo a las menores de 16 y 17 a\u00f1os sin necesidad de contar con permiso paterno.<\/p>\n<p>Adem\u00e1s, la norma elimina los llamados tres d\u00edas de reflexi\u00f3n, garantiza que se pueda llevar a cabo en hospitales p\u00fablicos y blinda el aborto frente a protocolos antiabortistas como uno que propuso el partido de extrema derecha Vox en Castilla y Le\u00f3n.<\/p>\n<p>La reforma de la ley del aborto era impulsada por los gobernantes partidos socialdem\u00f3crata PSOE, del presidente Pedro S\u00e1nchez, y de izquierda Podemos, y aprobada con sus votos y los de las formaciones aliadas.<\/p>\n<p>En contra votaron Vox y el derechista Partido Popular (PP), la principal fuerza opositora, que fue el que quit\u00f3 el derecho a las menores de 16 y 17 a\u00f1os que no tuvieran permiso paterno, en 2015, cuando gobernaba.<\/p>\n<p>En total, la ley recibi\u00f3 185 votos a favor, 154 en contra y 3 abstenciones, inform\u00f3 la agencia de noticias Europa Press.<\/p>\n<p>\u201cRecuperamos el derecho que hurtaron a las mujeres j\u00f3venes de 16 y 17 a\u00f1os a decidir sobre su propio cuerpo\u201d, dijo la ministra de Igualdad, Irene Montero, de Podemos.<\/p>\n<p>\u201cCompartiendo ese proceso con sus familias, sus seres queridos, con quien quieran, pero siendo ellas y solo ellas las que deciden\u201d, agreg\u00f3.<\/p>\n<p>La ministra dijo que el Estado manda as\u00ed \u201cun mensaje contundente a las mujeres: que creemos y respetamos sus decisiones\u201d.<\/p>\n<p>Durante su intervenci\u00f3n en la sesi\u00f3n plenaria, Montero tambi\u00e9n ha honrado la memoria a todas las mujeres que \u201chan puesto el cuerpo\u201d por defender el derecho al aborto.<\/p>\n<p>\u201cJusta Montero, Bego\u00f1a Sanjos\u00e9, las asambleas feministas, el tren de la libertad\u201d, dijo, y especialmente, record\u00f3 a la primera ministra de Igualdad de la democracia, Bibiana A\u00eddo (2008-2010), del PSOE.<\/p>\n<p>Montero reivindic\u00f3 que, con esta ley, los \u201chijos, hijas e hijes\u201d tendr\u00e1n derecho a educarse \u201cen el respeto a la diversidad de los cuerpos, las orientaciones sexuales y las identidades de g\u00e9nero\u201d, unas declaraciones que han despertado risas en la bancada de la derecha.<\/p>\n<p>\u201cEs impresionante c\u00f3mo no son capaces de acercarse ni siquiera con respeto a la realidad de gente que simplemente est\u00e1n pidiendo poder existir y que se les reconozca sin burla, sin discriminaci\u00f3n\u201d, les recrimin\u00f3.<\/p>\n<p>La diputada del PP Marta Gonz\u00e1lez critic\u00f3 lo que llam\u00f3 \u201clun\u00e1tica voluntad del Ministerio de Igualdad por dejar su impronta\u201d con la reforma de la ley del aborto, que tach\u00f3 de \u201cinnecesaria, inoportuna e inesperada\u201d.<\/p>\n<p>La diputada de Vox Lourdes M\u00e9ndez dijo que es \u201csadismo\u201d que \u201cse sancione con c\u00e1rcel a quien mate una rata mientras se puede matar libremente a un ni\u00f1o en el seno de su madre\u201d.<\/p>\n","protected":false},"excerpt":{"rendered":"<p>El Congreso espa\u00f1ol aprob\u00f3 este jueves definitivamente una ley que autoriza la libre autodeterminaci\u00f3n de g\u00e9nero, tras meses de debate en el seno del Gobierno progresista del presidente Pedro S\u00e1nchez &nbsp; &nbsp; La norma, aprobada por una amplia mayor\u00eda de los diputados, abre la puerta a que cualquier persona a partir de los 16 a\u00f1os cambie libremente de g\u00e9nero mediante un sencillo procedimiento administrativo. Iniciativa insignia del partido de izquierda Podemos, socio minoritario en el gobierno de los socialistas de S\u00e1nchez, la conocida como \u201cley trans\u201d fue aprobada en primera&#8230;<\/p>\n","protected":false},"author":3,"featured_media":97870,"comment_status":"closed","ping_status":"closed","sticky":false,"template":"","format":"standard","meta":[],"categories":[4],"tags":[],"_links":{"self":[{"href":"https:\/\/www.actualidadadiario.com\/index.php\/wp-json\/wp\/v2\/posts\/97869"}],"collection":[{"href":"https:\/\/www.actualidadadiario.com\/index.php\/wp-json\/wp\/v2\/posts"}],"about":[{"href":"https:\/\/www.actualidadadiario.com\/index.php\/wp-json\/wp\/v2\/types\/post"}],"author":[{"embeddable":true,"href":"https:\/\/www.actualidadadiario.com\/index.php\/wp-json\/wp\/v2\/users\/3"}],"replies":[{"embeddable":true,"href":"https:\/\/www.actualidadadiario.com\/index.php\/wp-json\/wp\/v2\/comments?post=97869"}],"version-history":[{"count":1,"href":"https:\/\/www.actualidadadiario.com\/index.php\/wp-json\/wp\/v2\/posts\/97869\/revisions"}],"predecessor-version":[{"id":97871,"href":"https:\/\/www.actualidadadiario.com\/index.php\/wp-json\/wp\/v2\/posts\/97869\/revisions\/97871"}],"wp:featuredmedia":[{"embeddable":true,"href":"https:\/\/www.actualidadadiario.com\/index.php\/wp-json\/wp\/v2\/media\/97870"}],"wp:attachment":[{"href":"https:\/\/www.actualidadadiario.com\/index.php\/wp-json\/wp\/v2\/media?parent=97869"}],"wp:term":[{"taxonomy":"category","embeddable":true,"href":"https:\/\/www.actualidadadiario.com\/index.php\/wp-json\/wp\/v2\/categories?post=97869"},{"taxonomy":"post_tag","embeddable":true,"href":"https:\/\/www.actualidadadiario.com\/index.php\/wp-json\/wp\/v2\/tags?post=97869"}],"curies":[{"name":"wp","href":"https:\/\/api.w.org\/{rel}","templated":true}]}}