{"id":97866,"date":"2023-02-16T15:51:56","date_gmt":"2023-02-16T18:51:56","guid":{"rendered":"https:\/\/www.actualidadadiario.com\/?p=97866"},"modified":"2023-02-16T15:51:56","modified_gmt":"2023-02-16T18:51:56","slug":"confirmaron-los-procesamientos-a-morel-y-los-demas-integrantes-de-revolucion-federal","status":"publish","type":"post","link":"https:\/\/www.actualidadadiario.com\/index.php\/2023\/02\/16\/confirmaron-los-procesamientos-a-morel-y-los-demas-integrantes-de-revolucion-federal\/","title":{"rendered":"Confirmaron los procesamientos a Morel y los dem\u00e1s integrantes de Revoluci\u00f3n Federal"},"content":{"rendered":"<p style=\"text-align: center;\"><em><strong>La C\u00e1mara Federal porte\u00f1a decidi\u00f3 que ser\u00e1 sin prisi\u00f3n preventiva y bajo la car\u00e1tula &#8220;incitaci\u00f3n a la violencia colectiva&#8221;, en el marco de la causa que investiga el atentado contra la Vicepresidenta<\/strong><\/em><\/p>\n<p>&nbsp;<\/p>\n<p>&nbsp;<\/p>\n<p>La C\u00e1mara Federal porte\u00f1a confirm\u00f3 este jueves los procesamientos sin prisi\u00f3n preventiva de Jonathan Morel y los otros tres miembros de la agrupaci\u00f3n Revoluci\u00f3n Federal, pero cambi\u00f3 la figura penal a &#8220;incitaci\u00f3n a la violencia colectiva&#8221; en la causa en la que es querellante la vicepresidenta Cristina Fern\u00e1ndez de Kirchner.<\/p>\n<p>El Tribunal de Apelaciones confirm\u00f3 &#8220;parcialmente&#8221; los procesamientos dispuestos por el juez federal Marcelo Mart\u00ednez De Giorgi a Jonathan Ezequiel Morel, Leonardo Franco Sosa, Gast\u00f3n Ezequiel Guerra y Nilda Sabrina Basile y modific\u00f3 la calificaci\u00f3n legal a &#8220;coautores penalmente responsables del delito de incitaci\u00f3n a la violencia colectiva&#8221;, seg\u00fan el fallo.<\/p>\n<p>Mart\u00ednez De Giorgi los hab\u00eda procesado por estar vinculados a &#8220;un plan criminal, consistente en imponer sus ideas y combatir las ajenas por la fuerza o el temor, utilizando para ello distintas redes sociales y medios masivos de comunicaci\u00f3n&#8221;.<\/p>\n<p>Por medio de estos mecanismos &#8220;realizaban manifestaciones intimidantes, planeaban, coordinaban y difund\u00edan mensajes de odio y declaraciones violentas en contra de las actuales autoridades del Poder Ejecutivo Nacional y sus simpatizantes&#8221;, entendi\u00f3 el juez del caso.<\/p>\n<p>El fallo del Tribunal de Apelaciones fue firmado por los miembros de la sala I Leopoldo Bruglia y Pablo Bertuzzi con disidencia de Mariano Llorens.<\/p>\n<p>&#8220;Revoluci\u00f3n Federal no parecer\u00eda poseer en principio, a partir del an\u00e1lisis efectuado por el magistrado de grado en su resoluci\u00f3n, la entidad para ser considerada una asociaci\u00f3n il\u00edcita destinada a combatir ideolog\u00edas&#8221;, sostuvieron los jueces al cambiar la figura penal.<\/p>\n<p>&#8220;S\u00ed entendemos que las manifestaciones y conductas llevadas adelante por los encartados re\u00fanen la entidad necesaria para ser provisoriamente consideradas como un est\u00edmulo a la violencia contra un grupo de personas&#8221;, concluyeron.<\/p>\n","protected":false},"excerpt":{"rendered":"<p>La C\u00e1mara Federal porte\u00f1a decidi\u00f3 que ser\u00e1 sin prisi\u00f3n preventiva y bajo la car\u00e1tula &#8220;incitaci\u00f3n a la violencia colectiva&#8221;, en el marco de la causa que investiga el atentado contra la Vicepresidenta &nbsp; &nbsp; La C\u00e1mara Federal porte\u00f1a confirm\u00f3 este jueves los procesamientos sin prisi\u00f3n preventiva de Jonathan Morel y los otros tres miembros de la agrupaci\u00f3n Revoluci\u00f3n Federal, pero cambi\u00f3 la figura penal a &#8220;incitaci\u00f3n a la violencia colectiva&#8221; en la causa en la que es querellante la vicepresidenta Cristina Fern\u00e1ndez de Kirchner. El Tribunal de Apelaciones confirm\u00f3 &#8220;parcialmente&#8221;&#8230;<\/p>\n","protected":false},"author":3,"featured_media":97867,"comment_status":"closed","ping_status":"closed","sticky":false,"template":"","format":"standard","meta":[],"categories":[18],"tags":[],"_links":{"self":[{"href":"https:\/\/www.actualidadadiario.com\/index.php\/wp-json\/wp\/v2\/posts\/97866"}],"collection":[{"href":"https:\/\/www.actualidadadiario.com\/index.php\/wp-json\/wp\/v2\/posts"}],"about":[{"href":"https:\/\/www.actualidadadiario.com\/index.php\/wp-json\/wp\/v2\/types\/post"}],"author":[{"embeddable":true,"href":"https:\/\/www.actualidadadiario.com\/index.php\/wp-json\/wp\/v2\/users\/3"}],"replies":[{"embeddable":true,"href":"https:\/\/www.actualidadadiario.com\/index.php\/wp-json\/wp\/v2\/comments?post=97866"}],"version-history":[{"count":1,"href":"https:\/\/www.actualidadadiario.com\/index.php\/wp-json\/wp\/v2\/posts\/97866\/revisions"}],"predecessor-version":[{"id":97868,"href":"https:\/\/www.actualidadadiario.com\/index.php\/wp-json\/wp\/v2\/posts\/97866\/revisions\/97868"}],"wp:featuredmedia":[{"embeddable":true,"href":"https:\/\/www.actualidadadiario.com\/index.php\/wp-json\/wp\/v2\/media\/97867"}],"wp:attachment":[{"href":"https:\/\/www.actualidadadiario.com\/index.php\/wp-json\/wp\/v2\/media?parent=97866"}],"wp:term":[{"taxonomy":"category","embeddable":true,"href":"https:\/\/www.actualidadadiario.com\/index.php\/wp-json\/wp\/v2\/categories?post=97866"},{"taxonomy":"post_tag","embeddable":true,"href":"https:\/\/www.actualidadadiario.com\/index.php\/wp-json\/wp\/v2\/tags?post=97866"}],"curies":[{"name":"wp","href":"https:\/\/api.w.org\/{rel}","templated":true}]}}