{"id":97864,"date":"2023-02-16T15:51:14","date_gmt":"2023-02-16T18:51:14","guid":{"rendered":"https:\/\/www.actualidadadiario.com\/?p=97864"},"modified":"2023-02-16T15:51:14","modified_gmt":"2023-02-16T18:51:14","slug":"la-bancaria-anuncia-paro-para-el-jueves-23-de-febrero","status":"publish","type":"post","link":"https:\/\/www.actualidadadiario.com\/index.php\/2023\/02\/16\/la-bancaria-anuncia-paro-para-el-jueves-23-de-febrero\/","title":{"rendered":"La Bancaria anuncia paro para el jueves 23 de febrero"},"content":{"rendered":"<p style=\"text-align: center;\"><em><strong>La Asociaci\u00f3n Bancaria liderada por Sergio Palazzo dispuso un paro nacional para el jueves 23 de febrero en el marco de un conflicto salarial que sostiene con los empresarios del sector<\/strong><\/em><\/p>\n<p>&nbsp;<\/p>\n<p>&nbsp;<\/p>\n<p>La Asociaci\u00f3n Bancaria liderada por Sergio Palazzo dispuso un paro nacional para el jueves 23 de febrero en el marco de un conflicto salarial que sostiene con los empresarios del sector. La medida de fuerza se defini\u00f3 este mediod\u00eda en la sede del Ministerio de Trabajo de Callao al 100.<\/p>\n<p>Argumentaron que requieren una &#8220;defensa del salario&#8221; y rechazan la &#8220;postura provocadora de las c\u00e1maras empresariales&#8221;, en el marco de la negociaci\u00f3n paritaria que llevan adelante. Lo que se est\u00e1 negociando es el aumento para este a\u00f1o y un remanente de la paritaria 2022. Sin acuerdo, el secretario nacional de la Asociaci\u00f3n Bancaria anunci\u00f3 el cese de actividades en todo el pa\u00eds.<\/p>\n<p>&nbsp;<\/p>\n<p><strong>A qui\u00e9nes afectar\u00e1 el paro<\/strong><\/p>\n<p>Adem\u00e1s de la atenci\u00f3n al p\u00fablico, tambi\u00e9n perjudicar\u00e1 el cobro de planes sociales, jubilaciones y pensiones. Por ejemplo, las jubilaciones y pensiones que superen un haber m\u00ednimo cobrar\u00e1n entre el 22 y el 28 de febrero de acuerdo al DNI.<\/p>\n<p>Tambi\u00e9n, se ver\u00e1n perjudicados aquellos que cobren Asignaci\u00f3n Universal por Hijo (AUH) para el caso de los DNI terminados en 8 (22 de febrero) y DNI terminados en 9 (23 de febrero).<\/p>\n<p>Los que cobren Asignaci\u00f3n por Embarazo (AUE) se ver\u00e1n afectados en el cobro cuyo DNI finalicen en 7 (23 de febrero), 8 (24 de febrero) y 9 (27 de febrero).<\/p>\n<p>Por \u00faltimo, aquellos que cobren por desempleo a cobrar entre el 23 y el 1 de marzo tambi\u00e9n podr\u00edan verse afectados.<\/p>\n","protected":false},"excerpt":{"rendered":"<p>La Asociaci\u00f3n Bancaria liderada por Sergio Palazzo dispuso un paro nacional para el jueves 23 de febrero en el marco de un conflicto salarial que sostiene con los empresarios del sector &nbsp; &nbsp; La Asociaci\u00f3n Bancaria liderada por Sergio Palazzo dispuso un paro nacional para el jueves 23 de febrero en el marco de un conflicto salarial que sostiene con los empresarios del sector. La medida de fuerza se defini\u00f3 este mediod\u00eda en la sede del Ministerio de Trabajo de Callao al 100. Argumentaron que requieren una &#8220;defensa del salario&#8221;&#8230;<\/p>\n","protected":false},"author":3,"featured_media":36701,"comment_status":"closed","ping_status":"closed","sticky":false,"template":"","format":"standard","meta":[],"categories":[18],"tags":[],"_links":{"self":[{"href":"https:\/\/www.actualidadadiario.com\/index.php\/wp-json\/wp\/v2\/posts\/97864"}],"collection":[{"href":"https:\/\/www.actualidadadiario.com\/index.php\/wp-json\/wp\/v2\/posts"}],"about":[{"href":"https:\/\/www.actualidadadiario.com\/index.php\/wp-json\/wp\/v2\/types\/post"}],"author":[{"embeddable":true,"href":"https:\/\/www.actualidadadiario.com\/index.php\/wp-json\/wp\/v2\/users\/3"}],"replies":[{"embeddable":true,"href":"https:\/\/www.actualidadadiario.com\/index.php\/wp-json\/wp\/v2\/comments?post=97864"}],"version-history":[{"count":1,"href":"https:\/\/www.actualidadadiario.com\/index.php\/wp-json\/wp\/v2\/posts\/97864\/revisions"}],"predecessor-version":[{"id":97865,"href":"https:\/\/www.actualidadadiario.com\/index.php\/wp-json\/wp\/v2\/posts\/97864\/revisions\/97865"}],"wp:featuredmedia":[{"embeddable":true,"href":"https:\/\/www.actualidadadiario.com\/index.php\/wp-json\/wp\/v2\/media\/36701"}],"wp:attachment":[{"href":"https:\/\/www.actualidadadiario.com\/index.php\/wp-json\/wp\/v2\/media?parent=97864"}],"wp:term":[{"taxonomy":"category","embeddable":true,"href":"https:\/\/www.actualidadadiario.com\/index.php\/wp-json\/wp\/v2\/categories?post=97864"},{"taxonomy":"post_tag","embeddable":true,"href":"https:\/\/www.actualidadadiario.com\/index.php\/wp-json\/wp\/v2\/tags?post=97864"}],"curies":[{"name":"wp","href":"https:\/\/api.w.org\/{rel}","templated":true}]}}