{"id":97861,"date":"2023-02-16T15:50:27","date_gmt":"2023-02-16T18:50:27","guid":{"rendered":"https:\/\/www.actualidadadiario.com\/?p=97861"},"modified":"2023-02-16T15:50:27","modified_gmt":"2023-02-16T18:50:27","slug":"quienes-van-a-la-reunion-clave-de-mesa-politica-del-fdt-de-cara-a-las-elecciones","status":"publish","type":"post","link":"https:\/\/www.actualidadadiario.com\/index.php\/2023\/02\/16\/quienes-van-a-la-reunion-clave-de-mesa-politica-del-fdt-de-cara-a-las-elecciones\/","title":{"rendered":"Qui\u00e9nes van a la reuni\u00f3n clave de mesa pol\u00edtica del FDT de cara a las elecciones"},"content":{"rendered":"<p style=\"text-align: center;\"><em><strong>La mesa pol\u00edtica del Frente de Todos cobra forma a partir de la confirmaci\u00f3n de una serie de nombres importantes que estar\u00e1n presentes en la reuni\u00f3n clave de este jueves en la sede hist\u00f3rica del PJ. Los detalles<\/strong><\/em><\/p>\n<p>&nbsp;<\/p>\n<p>&nbsp;<\/p>\n<p>De cara a las elecciones, la mesa pol\u00edtica del Frente de Todos cobra forma a partir de la confirmaci\u00f3n de una serie de nombres importantes que estar\u00e1n presentes en la reuni\u00f3n clave de este jueves en la sede hist\u00f3rica del PJ.<\/p>\n<p>&#8220;Definiciones electorales&#8221;, la premisa del presidente Alberto Fern\u00e1ndez para la convocatoria, a la cual concurrir\u00e1n representantes de los distintos sectores que componen la coalici\u00f3n oficialista.<\/p>\n<p>Entre cinco y seis gobernadores dar\u00e1n el presente, as\u00ed como un mismo n\u00famero de intendentes del conurbano bonaerense. Por ejemplo, Axel Kicillof (Buenos Aires) y Jorge Capitanich (Chaco) ser\u00e1n de la partida.\u00a0 \u201cLa idea es trabajar coordinadamente para que el FdT sea la mejor opci\u00f3n electoral para este a\u00f1o\u201d, indicaron fuentes del Gobierno de la provincia de Buenos Aires.<\/p>\n<p>El ministro de Econom\u00eda, Sergio Massa, definir\u00e1 este mi\u00e9rcoles a sus enviados pero \u00e9l tambi\u00e9n ser\u00e1 de la partida. Asimismo, los ministros Eduardo &#8220;Wado&#8221; de Pedro y Andr\u00e9s &#8220;Cuervo&#8221; Larroque formar\u00e1n parte del c\u00f3nclave.<\/p>\n<p>Por su parte, el Presidente defini\u00f3 como sus principales espadas en el encuentro a Santiago Cafiero y Juan Manuel Olmos; este \u00faltimo, el hombre que decidi\u00f3 quedarse como vicejefe de Gabinete y no reemplazar a Juan Manzur, para poder estar en el armado electoral de este a\u00f1o.<\/p>\n<p>Es muy probable que debute en el encuentro Agust\u00edn Rossi, quien jura como jefe de Gabinete nacional este mi\u00e9rcoles a las 16 horas. Rossi se suma a la coordinaci\u00f3n ministerial con un claro objetivo de defender la postura presidencial de pensar en una reelecci\u00f3n.<\/p>\n<p>Desde el sector gremial, confirm\u00f3 la presencia el triunvirato de la Confederaci\u00f3n General del Trabajo de la Rep\u00fablica Argentina (CGT), con H\u00e9ctor Ricardo Daer, Pablo Moyano y Carlos Acu\u00f1a.<\/p>\n<p>En tanto, Hugo Yasky, titular de la Central de Trabajadores de la Argentina (CTA), formar\u00e1 parte del encuentro, al igual que Esteban &#8220;Gringo&#8221; Castro, de la Uni\u00f3n de Trabajadores y Trabajadoras de la Econom\u00eda Popular (UTEP).<\/p>\n<p>Por \u00faltimo, tambi\u00e9n se sumar\u00e1 la senadora bonaerense Teresa Garc\u00eda. La ex ministra bonaerense ir\u00e1 con la postura de hablar sobre &#8220;la proscripci\u00f3n de Cristina&#8221;.<\/p>\n","protected":false},"excerpt":{"rendered":"<p>La mesa pol\u00edtica del Frente de Todos cobra forma a partir de la confirmaci\u00f3n de una serie de nombres importantes que estar\u00e1n presentes en la reuni\u00f3n clave de este jueves en la sede hist\u00f3rica del PJ. Los detalles &nbsp; &nbsp; De cara a las elecciones, la mesa pol\u00edtica del Frente de Todos cobra forma a partir de la confirmaci\u00f3n de una serie de nombres importantes que estar\u00e1n presentes en la reuni\u00f3n clave de este jueves en la sede hist\u00f3rica del PJ. &#8220;Definiciones electorales&#8221;, la premisa del presidente Alberto Fern\u00e1ndez para&#8230;<\/p>\n","protected":false},"author":3,"featured_media":97862,"comment_status":"closed","ping_status":"closed","sticky":false,"template":"","format":"standard","meta":[],"categories":[18],"tags":[],"_links":{"self":[{"href":"https:\/\/www.actualidadadiario.com\/index.php\/wp-json\/wp\/v2\/posts\/97861"}],"collection":[{"href":"https:\/\/www.actualidadadiario.com\/index.php\/wp-json\/wp\/v2\/posts"}],"about":[{"href":"https:\/\/www.actualidadadiario.com\/index.php\/wp-json\/wp\/v2\/types\/post"}],"author":[{"embeddable":true,"href":"https:\/\/www.actualidadadiario.com\/index.php\/wp-json\/wp\/v2\/users\/3"}],"replies":[{"embeddable":true,"href":"https:\/\/www.actualidadadiario.com\/index.php\/wp-json\/wp\/v2\/comments?post=97861"}],"version-history":[{"count":1,"href":"https:\/\/www.actualidadadiario.com\/index.php\/wp-json\/wp\/v2\/posts\/97861\/revisions"}],"predecessor-version":[{"id":97863,"href":"https:\/\/www.actualidadadiario.com\/index.php\/wp-json\/wp\/v2\/posts\/97861\/revisions\/97863"}],"wp:featuredmedia":[{"embeddable":true,"href":"https:\/\/www.actualidadadiario.com\/index.php\/wp-json\/wp\/v2\/media\/97862"}],"wp:attachment":[{"href":"https:\/\/www.actualidadadiario.com\/index.php\/wp-json\/wp\/v2\/media?parent=97861"}],"wp:term":[{"taxonomy":"category","embeddable":true,"href":"https:\/\/www.actualidadadiario.com\/index.php\/wp-json\/wp\/v2\/categories?post=97861"},{"taxonomy":"post_tag","embeddable":true,"href":"https:\/\/www.actualidadadiario.com\/index.php\/wp-json\/wp\/v2\/tags?post=97861"}],"curies":[{"name":"wp","href":"https:\/\/api.w.org\/{rel}","templated":true}]}}