{"id":97858,"date":"2023-02-16T15:49:45","date_gmt":"2023-02-16T18:49:45","guid":{"rendered":"https:\/\/www.actualidadadiario.com\/?p=97858"},"modified":"2023-02-16T15:49:45","modified_gmt":"2023-02-16T18:49:45","slug":"el-presidente-visitara-la-antartida-con-parte-del-gabinete","status":"publish","type":"post","link":"https:\/\/www.actualidadadiario.com\/index.php\/2023\/02\/16\/el-presidente-visitara-la-antartida-con-parte-del-gabinete\/","title":{"rendered":"El Presidente visitar\u00e1 la Ant\u00e1rtida con parte del gabinete"},"content":{"rendered":"<p style=\"text-align: center;\"><em><strong>El viaje presidencial coincidir\u00e1 con la conmemoraci\u00f3n de la incorporaci\u00f3n de la Argentina al tratado Ant\u00e1rtico y con la construcci\u00f3n de tres laboratorios de 120 metros cuadrados como parte del plan &#8220;Construir Ciencia&#8221;<\/strong><\/em><\/p>\n<p>&nbsp;<\/p>\n<p>&nbsp;<\/p>\n<p>El presidente Alberto Fern\u00e1ndez visitar\u00e1 la Ant\u00e1rtida argentina el pr\u00f3ximo mi\u00e9rcoles acompa\u00f1ado por parte del gabinete nacional, inform\u00f3 hoy la portavoz de la Presidencia, Gabriela Cerruti.<\/p>\n<p>En su habitual conferencia de prensa en la Casa de Gobierno, la funcionaria anunci\u00f3 el viaje presidencial y se\u00f1al\u00f3 que se trata de la primera visita de un jefe de Estado argentino en los \u00faltimos 20 a\u00f1os.<\/p>\n<p>&#8220;Va a estar el d\u00eda 22 porque es el D\u00eda de la Soberan\u00eda en la Ant\u00e1rtida&#8221;, dijo Cerruti y a\u00f1adi\u00f3 que ese d\u00eda se conmemora la incorporaci\u00f3n de Argentina al tratado Ant\u00e1rtico.<\/p>\n<p>Adem\u00e1s, el viaje est\u00e1 motivado por la construcci\u00f3n de tres laboratorios de 120 metros cuadrados que se enmarcan en el plan &#8220;Construir Ciencia&#8221; y que &#8220;est\u00e1n a punto de ser inaugurados&#8221;, precis\u00f3 la funcionaria.<\/p>\n<p>&#8220;Se va a anunciar que se est\u00e1 trasladando a Ushuaia la sede del Instituto Ant\u00e1rtico, que hoy est\u00e1 en Buenos Aires&#8221;, dijo tambi\u00e9n Cerruti.<\/p>\n<p>Fuentes oficiales indicaron que el presidente Fern\u00e1ndez viajar\u00e1 acompa\u00f1ado por el canciller Santiago Cafiero y los ministros de Defensa, Jorge Taiana; de Desarrollo Social, Victoria Tolosa Paz; y de Ciencia, Tecnolog\u00eda e Innovaci\u00f3n, Daniel Filmus, como as\u00ed tambi\u00e9n por el secretario de Malvinas, Ant\u00e1rtida y Atl\u00e1ntico Sur, Guillermo Carmona; y la portavoz de la Presidencia.<\/p>\n<p>En tanto, el Ministerio de Cultura, que conduce Trist\u00e1n Bauer, habilit\u00f3 un &#8220;Punto de cultura&#8221; en esa parte del territorio nacional: &#8220;La Ant\u00e1rtida empieza a ser parte del proyecto de pa\u00eds, de desarrollo, que tiene la Argentina, y que tiene en la cultura, en la educaci\u00f3n y en la ciencia sus hitos fundamentales&#8221;, dijo Cerruti.<\/p>\n<p>El viaje del Presidente se va a iniciar el martes por la noche y se espera su retorno para el mi\u00e9rcoles por la noche o el jueves por la ma\u00f1ana, puntualiz\u00f3 la portavoz.<\/p>\n","protected":false},"excerpt":{"rendered":"<p>El viaje presidencial coincidir\u00e1 con la conmemoraci\u00f3n de la incorporaci\u00f3n de la Argentina al tratado Ant\u00e1rtico y con la construcci\u00f3n de tres laboratorios de 120 metros cuadrados como parte del plan &#8220;Construir Ciencia&#8221; &nbsp; &nbsp; El presidente Alberto Fern\u00e1ndez visitar\u00e1 la Ant\u00e1rtida argentina el pr\u00f3ximo mi\u00e9rcoles acompa\u00f1ado por parte del gabinete nacional, inform\u00f3 hoy la portavoz de la Presidencia, Gabriela Cerruti. En su habitual conferencia de prensa en la Casa de Gobierno, la funcionaria anunci\u00f3 el viaje presidencial y se\u00f1al\u00f3 que se trata de la primera visita de un jefe&#8230;<\/p>\n","protected":false},"author":3,"featured_media":97859,"comment_status":"closed","ping_status":"closed","sticky":false,"template":"","format":"standard","meta":[],"categories":[18],"tags":[],"_links":{"self":[{"href":"https:\/\/www.actualidadadiario.com\/index.php\/wp-json\/wp\/v2\/posts\/97858"}],"collection":[{"href":"https:\/\/www.actualidadadiario.com\/index.php\/wp-json\/wp\/v2\/posts"}],"about":[{"href":"https:\/\/www.actualidadadiario.com\/index.php\/wp-json\/wp\/v2\/types\/post"}],"author":[{"embeddable":true,"href":"https:\/\/www.actualidadadiario.com\/index.php\/wp-json\/wp\/v2\/users\/3"}],"replies":[{"embeddable":true,"href":"https:\/\/www.actualidadadiario.com\/index.php\/wp-json\/wp\/v2\/comments?post=97858"}],"version-history":[{"count":1,"href":"https:\/\/www.actualidadadiario.com\/index.php\/wp-json\/wp\/v2\/posts\/97858\/revisions"}],"predecessor-version":[{"id":97860,"href":"https:\/\/www.actualidadadiario.com\/index.php\/wp-json\/wp\/v2\/posts\/97858\/revisions\/97860"}],"wp:featuredmedia":[{"embeddable":true,"href":"https:\/\/www.actualidadadiario.com\/index.php\/wp-json\/wp\/v2\/media\/97859"}],"wp:attachment":[{"href":"https:\/\/www.actualidadadiario.com\/index.php\/wp-json\/wp\/v2\/media?parent=97858"}],"wp:term":[{"taxonomy":"category","embeddable":true,"href":"https:\/\/www.actualidadadiario.com\/index.php\/wp-json\/wp\/v2\/categories?post=97858"},{"taxonomy":"post_tag","embeddable":true,"href":"https:\/\/www.actualidadadiario.com\/index.php\/wp-json\/wp\/v2\/tags?post=97858"}],"curies":[{"name":"wp","href":"https:\/\/api.w.org\/{rel}","templated":true}]}}