{"id":97856,"date":"2023-02-16T15:49:01","date_gmt":"2023-02-16T18:49:01","guid":{"rendered":"https:\/\/www.actualidadadiario.com\/?p=97856"},"modified":"2023-02-16T15:49:01","modified_gmt":"2023-02-16T18:49:01","slug":"el-senado-se-alista-para-la-sesion-preparatoria","status":"publish","type":"post","link":"https:\/\/www.actualidadadiario.com\/index.php\/2023\/02\/16\/el-senado-se-alista-para-la-sesion-preparatoria\/","title":{"rendered":"El Senado se alista para la sesi\u00f3n preparatoria"},"content":{"rendered":"<p style=\"text-align: center;\"><em><strong>La C\u00e1mara Alta no tuvo actividad durante el receso. La pr\u00f3xima semana se elegir\u00e1n las nuevas autoridades<\/strong><\/em><\/p>\n<p>&nbsp;<\/p>\n<p>&nbsp;<\/p>\n<p>Mientras el oficialismo en la C\u00e1mara de Diputados de la Naci\u00f3n busca el n\u00famero necesario para poder sesionar antes de que finalice el mes -sorteando el bloqueo de Juntos por el Cambio-en el Senado lo \u00fanico que se visualiza es la sesi\u00f3n preparatoria.<\/p>\n<p>La C\u00e1mara que preside Cristina Fern\u00e1ndez de Kirchner se tom\u00f3 el receso estival al pie de la letra y desde noviembre del a\u00f1o pasado no volvi\u00f3 a abrir las puertas del recinto. Pese a que el presidente Alberto Fern\u00e1ndez convoc\u00f3 a sesiones extraordinarias hasta el 28 de febrero y el Frente de Todos tiene mayor\u00eda para concretar aunque sea una, en los pasillos de ubicados sobre la calle Yrigoyen predomina el silencio.<\/p>\n<p>En el temario que envi\u00f3 el Ejecutivo hay varios proyectos que est\u00e1n en el Senado y que de aprobarse se convertir\u00edan en ley como es el caso de Alcohol Cero al volante, proyecto de \u00abAgujero Azul\u00bb -que crea un \u00e1rea marina protegida donde reposan los restos del ARA San Juan- y la Ley Lucio.<\/p>\n<p>Tambi\u00e9n figura la propuesta para que Daniel Rafecas sea designado como procurador general de la Naci\u00f3n. Sin embargo\u00a0 no tiene posibilidad de tratarse ya que se requieren dos tercios para poder aprobarlo. El pliego para reemplazar a Eduardo Casal lleva a\u00f1os en el Senado, debido a que el interbloque de Juntos por el Cambio no avala la postulaci\u00f3n. Hay opositores que sostienen que no se avanz\u00f3 porque hay una \u201cinterna en el oficialismo\u201d, ya que fue la vicepresidenta quien le baj\u00f3 el pulgar al funcionario judicial.<\/p>\n<p>Tambi\u00e9n forman parte del temario la iniciativa que busca establecer un Sistema Nacional de Residencias; la reforma de la Ley de Sangre y la propuesta de modificar la Ley de Promoci\u00f3n y Fomento de la Innovaci\u00f3n Tecnol\u00f3gica.<\/p>\n<p>Volviendo a la preparatoria, seg\u00fan el reglamento interno del Senado, la sesi\u00f3n est\u00e1 establecida el 24 de febrero de cada a\u00f1o o el d\u00eda inmediato h\u00e1bil anterior en caso que sea feriado. Esa fecha los senadores se deben reunir en el recinto para designar autoridades y fijar los d\u00edas y horas de sesiones.<\/p>\n<p>En la que se realiz\u00f3 el a\u00f1o pasado se ratific\u00f3 como presidenta provisional a la santiague\u00f1a oficialista Claudia Ledesma Abdala de Zamora. La vicepresidencia fue cambiada, ya que la ocupaba el radical Mart\u00edn Lousteau y qued\u00f3 en manos de la santafesina Carolina Losada. En tanto, en la vicepresidencia primera se mantuvo el misionero oficialista Maurice Closs y en la segunda la porte\u00f1a del PRO Guadalupe Tagliaferri.<\/p>\n<p>&nbsp;<\/p>\n<p><strong>Apertura de asamblea legislativa en puerta <\/strong><\/p>\n<p>Pocos d\u00edas despu\u00e9s, el Congreso se preparar\u00e1 para dar inicio a la 141 Asamblea Legislativa en la que Alberto Fern\u00e1ndez concurrir\u00e1 \u2013 como todos los a\u00f1os- al Parlamento para brindar su discurso de apertura de sesiones ordinarias. Por ahora, ser\u00e1 la \u00faltima vez en la que se dirigir\u00e1 a los representantes, ya que en octubre habr\u00e1 elecciones presidenciales y a\u00fan no se oficializ\u00f3 si volver\u00e1 a ser candidato.<\/p>\n<p>Ese d\u00eda, se volver\u00e1 a ver con Cristina. La \u00faltima foto juntos\u00a0 fue en un acto de YPF\u00a0 hace m\u00e1s de cuatro meses.<\/p>\n","protected":false},"excerpt":{"rendered":"<p>La C\u00e1mara Alta no tuvo actividad durante el receso. La pr\u00f3xima semana se elegir\u00e1n las nuevas autoridades &nbsp; &nbsp; Mientras el oficialismo en la C\u00e1mara de Diputados de la Naci\u00f3n busca el n\u00famero necesario para poder sesionar antes de que finalice el mes -sorteando el bloqueo de Juntos por el Cambio-en el Senado lo \u00fanico que se visualiza es la sesi\u00f3n preparatoria. La C\u00e1mara que preside Cristina Fern\u00e1ndez de Kirchner se tom\u00f3 el receso estival al pie de la letra y desde noviembre del a\u00f1o pasado no volvi\u00f3 a abrir&#8230;<\/p>\n","protected":false},"author":3,"featured_media":90754,"comment_status":"closed","ping_status":"closed","sticky":false,"template":"","format":"standard","meta":[],"categories":[18],"tags":[],"_links":{"self":[{"href":"https:\/\/www.actualidadadiario.com\/index.php\/wp-json\/wp\/v2\/posts\/97856"}],"collection":[{"href":"https:\/\/www.actualidadadiario.com\/index.php\/wp-json\/wp\/v2\/posts"}],"about":[{"href":"https:\/\/www.actualidadadiario.com\/index.php\/wp-json\/wp\/v2\/types\/post"}],"author":[{"embeddable":true,"href":"https:\/\/www.actualidadadiario.com\/index.php\/wp-json\/wp\/v2\/users\/3"}],"replies":[{"embeddable":true,"href":"https:\/\/www.actualidadadiario.com\/index.php\/wp-json\/wp\/v2\/comments?post=97856"}],"version-history":[{"count":1,"href":"https:\/\/www.actualidadadiario.com\/index.php\/wp-json\/wp\/v2\/posts\/97856\/revisions"}],"predecessor-version":[{"id":97857,"href":"https:\/\/www.actualidadadiario.com\/index.php\/wp-json\/wp\/v2\/posts\/97856\/revisions\/97857"}],"wp:featuredmedia":[{"embeddable":true,"href":"https:\/\/www.actualidadadiario.com\/index.php\/wp-json\/wp\/v2\/media\/90754"}],"wp:attachment":[{"href":"https:\/\/www.actualidadadiario.com\/index.php\/wp-json\/wp\/v2\/media?parent=97856"}],"wp:term":[{"taxonomy":"category","embeddable":true,"href":"https:\/\/www.actualidadadiario.com\/index.php\/wp-json\/wp\/v2\/categories?post=97856"},{"taxonomy":"post_tag","embeddable":true,"href":"https:\/\/www.actualidadadiario.com\/index.php\/wp-json\/wp\/v2\/tags?post=97856"}],"curies":[{"name":"wp","href":"https:\/\/api.w.org\/{rel}","templated":true}]}}