{"id":97853,"date":"2023-02-16T15:48:10","date_gmt":"2023-02-16T18:48:10","guid":{"rendered":"https:\/\/www.actualidadadiario.com\/?p=97853"},"modified":"2023-02-16T15:48:10","modified_gmt":"2023-02-16T18:48:10","slug":"quien-es-ana-clara-alberdi-la-nueva-titular-de-la-afi","status":"publish","type":"post","link":"https:\/\/www.actualidadadiario.com\/index.php\/2023\/02\/16\/quien-es-ana-clara-alberdi-la-nueva-titular-de-la-afi\/","title":{"rendered":"\u00bfQui\u00e9n es Ana Clara Alberdi?: la nueva titular de la AFI"},"content":{"rendered":"<p style=\"text-align: center;\"><em><strong>El presidente de la Naci\u00f3n, Alberto Fern\u00e1ndez, design\u00f3 como nueva directora ejecutiva de la Agencia Federal de inteligencia a Ana Clara Alberdi. La polit\u00f3loga fue jefa de Gabinete del Ministerio de Defensa en la \u00faltima gesti\u00f3n de Agust\u00edn Rossi<\/strong><\/em><\/p>\n<p>&nbsp;<\/p>\n<p>&nbsp;<\/p>\n<p>Tras la asunci\u00f3n de Agust\u00edn Rossi como jefe de Gabinete de la Naci\u00f3n, el presidente Alberto Fern\u00e1ndez confirm\u00f3 a Ana Clara Alberdi como la nueva titular de la Agencia Federal de Inteligencia.<\/p>\n<p>El mandatario argentino recibi\u00f3 esta tarde en Casa Rosada a la nueva titular de la Agencia Federal de Inteligencia, Ana Clara Alberdi, quien reemplazar\u00e1 a Rossi.<\/p>\n<p>\u201cEl mandatario analiz\u00f3 junto a la funcionaria entrante los objetivos para el organismo en esta nueva etapa\u201d, aseguraron fuentes de Presidencia.<\/p>\n<p>Fern\u00e1ndez analiz\u00f3 junto a la funcionaria entrante los objetivos para el organismo en esta nueva etapa. Alberdi es licenciada en Ciencia Pol\u00edtica por la Universidad de Buenos Aires, forma parte del equipo de Agust\u00edn Rossi desde hace 15 a\u00f1os y fue Jefa de Gabinete durante su \u00faltima gesti\u00f3n en el Ministerio de Defensa e integra el colectivo de Mujeres Gobernando, en el que est\u00e1n tambi\u00e9n Bernarda Llorente, Cecilia nicolini, Cecilia Merch\u00e1n y Cecilia Todesca.<\/p>\n","protected":false},"excerpt":{"rendered":"<p>El presidente de la Naci\u00f3n, Alberto Fern\u00e1ndez, design\u00f3 como nueva directora ejecutiva de la Agencia Federal de inteligencia a Ana Clara Alberdi. La polit\u00f3loga fue jefa de Gabinete del Ministerio de Defensa en la \u00faltima gesti\u00f3n de Agust\u00edn Rossi &nbsp; &nbsp; Tras la asunci\u00f3n de Agust\u00edn Rossi como jefe de Gabinete de la Naci\u00f3n, el presidente Alberto Fern\u00e1ndez confirm\u00f3 a Ana Clara Alberdi como la nueva titular de la Agencia Federal de Inteligencia. El mandatario argentino recibi\u00f3 esta tarde en Casa Rosada a la nueva titular de la Agencia Federal&#8230;<\/p>\n","protected":false},"author":3,"featured_media":97854,"comment_status":"closed","ping_status":"closed","sticky":false,"template":"","format":"standard","meta":[],"categories":[18],"tags":[],"_links":{"self":[{"href":"https:\/\/www.actualidadadiario.com\/index.php\/wp-json\/wp\/v2\/posts\/97853"}],"collection":[{"href":"https:\/\/www.actualidadadiario.com\/index.php\/wp-json\/wp\/v2\/posts"}],"about":[{"href":"https:\/\/www.actualidadadiario.com\/index.php\/wp-json\/wp\/v2\/types\/post"}],"author":[{"embeddable":true,"href":"https:\/\/www.actualidadadiario.com\/index.php\/wp-json\/wp\/v2\/users\/3"}],"replies":[{"embeddable":true,"href":"https:\/\/www.actualidadadiario.com\/index.php\/wp-json\/wp\/v2\/comments?post=97853"}],"version-history":[{"count":1,"href":"https:\/\/www.actualidadadiario.com\/index.php\/wp-json\/wp\/v2\/posts\/97853\/revisions"}],"predecessor-version":[{"id":97855,"href":"https:\/\/www.actualidadadiario.com\/index.php\/wp-json\/wp\/v2\/posts\/97853\/revisions\/97855"}],"wp:featuredmedia":[{"embeddable":true,"href":"https:\/\/www.actualidadadiario.com\/index.php\/wp-json\/wp\/v2\/media\/97854"}],"wp:attachment":[{"href":"https:\/\/www.actualidadadiario.com\/index.php\/wp-json\/wp\/v2\/media?parent=97853"}],"wp:term":[{"taxonomy":"category","embeddable":true,"href":"https:\/\/www.actualidadadiario.com\/index.php\/wp-json\/wp\/v2\/categories?post=97853"},{"taxonomy":"post_tag","embeddable":true,"href":"https:\/\/www.actualidadadiario.com\/index.php\/wp-json\/wp\/v2\/tags?post=97853"}],"curies":[{"name":"wp","href":"https:\/\/api.w.org\/{rel}","templated":true}]}}