{"id":97850,"date":"2023-02-16T15:47:23","date_gmt":"2023-02-16T18:47:23","guid":{"rendered":"https:\/\/www.actualidadadiario.com\/?p=97850"},"modified":"2023-02-16T15:47:23","modified_gmt":"2023-02-16T18:47:23","slug":"el-congreso-establecio-el-cronograma-de-testigos-del-juicio-politico-a-la-corte","status":"publish","type":"post","link":"https:\/\/www.actualidadadiario.com\/index.php\/2023\/02\/16\/el-congreso-establecio-el-cronograma-de-testigos-del-juicio-politico-a-la-corte\/","title":{"rendered":"El Congreso estableci\u00f3 el cronograma de testigos del juicio pol\u00edtico a la Corte"},"content":{"rendered":"<p style=\"text-align: center;\"><strong>La reuni\u00f3n en Diputados tambi\u00e9n dio apertura al sumario para acumular pruebas que sostengan la acusaci\u00f3n en lo que ser\u00e1 la etapa de investigaci\u00f3n sobre el presunto mal desempe\u00f1o de Horacio Rosatti, Carlos Rosenkrantz, Juan Carlos Maqueda y Ricardo Lorenzetti<\/strong><\/p>\n<p>&nbsp;<\/p>\n<p>&nbsp;<\/p>\n<p>En el marco de la reuni\u00f3n, la titular de la Comisi\u00f3n, diputada Carolina Gaillard (FdT), se\u00f1al\u00f3 que \u201cel prop\u00f3sito es avanzar en el cronograma de producci\u00f3n de pruebas, ya que se ha aprobado la admisibilidad en la reuni\u00f3n pasada, y abrir la causa a la investigaci\u00f3n sobre las 14 denuncias obrantes contra los jueces de la Corte Suprema de la Naci\u00f3n: Horacio Rosatti (presidente), Carlos Rosenkrantz, Juan Carlos Maqueda y Ricardo Lorenzetti\u201d.<\/p>\n<p>Durante el encuentro, se analizaron los pedidos de ampliaci\u00f3n de pruebas y la fijaci\u00f3n de audiencias testimoniales con la elaboraci\u00f3n de un listado de testigos. La votaci\u00f3n de los siete pedidos de ampliaci\u00f3n de pruebas para el Juicio Pol\u00edtico result\u00f3 afirmativa.<\/p>\n<p>Cabe mencionar que los expedientes pertenecientes al diputado Rodolfo Tailhade (FdT) se votaron positivamente con 16 votos a favor y 15 en contra, emitidos por los bloques de la oposici\u00f3n.<\/p>\n<p>Desde el Pro, el diputado Pablo Tonelli inform\u00f3: \u201cNos vamos a oponer a las intercepciones telef\u00f3nicas, de e-mails, etc.\u201d. \u201cS\u00ed se podr\u00e1 hacer por intermedio de un Juez\u201d, indic\u00f3, al tiempo que consider\u00f3: \u201cLa Comisi\u00f3n no tiene facultades ni atribuciones para pedir esa informaci\u00f3n para utilizarla como prueba\u201d.<\/p>\n<p>Por su parte, el presidente del bloque del Frente de Todos, Germ\u00e1n Mart\u00ednez, explic\u00f3 que \u201cestamos en una etapa de investigaci\u00f3n sustentada en los 14 expedientes pertenecientes a legisladores de distintos bloques y de la sociedad civil\u201d. \u201cNo estamos acusando a nadie; se est\u00e1 evaluando la causal de mal desempe\u00f1o de los jueces de la Corte Suprema de Justicia y la posible comisi\u00f3n de delitos en el ejercicio de sus funciones\u201d, enfatiz\u00f3.<\/p>\n<p>En contraposici\u00f3n, el titular del bloque de la Coalici\u00f3n C\u00edvica, Juan Manuel L\u00f3pez, pidi\u00f3 \u201ccuidar la legalidad del proceso\u201d, as\u00ed como \u201ctener una etapa de admisibilidad de la prueba\u201d.<\/p>\n<p>Luego, el diputado Rodolfo Tailhade (FdT) discrep\u00f3 con su par Pablo Tonelli (Pro) al afirmar que \u201cno estamos pidiendo las intercepciones telef\u00f3nicas, sino el listado de llamados, es decir los n\u00fameros con los que se comunicaban\u201d, al considerar: \u201cSon de suma relevancia\u201d.<\/p>\n<p>Desde Identidad Bonaerense, el diputado Alejandro Rodr\u00edguez record\u00f3 que \u201ceste proceso de Juicio Pol\u00edtico se inici\u00f3 por una decisi\u00f3n presidencial\u201d, por lo cual pidi\u00f3 \u201cconvocar al presidente de la Naci\u00f3n, Alberto Fern\u00e1ndez, como primer testigo\u201d. \u201cSer\u00eda relevante su testimonio por la informaci\u00f3n que pueda tener\u201d, consider\u00f3. La votaci\u00f3n result\u00f3 negativa.<\/p>\n<p>Finalmente, la diputada Karina Banfi (UCR) resalt\u00f3 que \u201cestamos incurriendo en irregularidades. No podemos citar a todos; hay que tener causas\u201d; mientras que su par Silvia Lospennato (Pro) remarc\u00f3: \u201cEsto no es un juicio penal, sino pol\u00edtico\u201d.<\/p>\n<p>El jueves 23 de febrero a las 11 ser\u00e1n citados como testigos Cristian Abritta, ex titular de la Secretar\u00eda Judicial N\u00b05 de la Corte, y Sergio Rub\u00e9n Romero, subdirector de Gesti\u00f3n Interna y Habilitaci\u00f3n dependiente de la Secretar\u00eda General de Administraci\u00f3n. De las Secretar\u00edas Judiciales de la Corte Suprema, ser\u00e1n citados Silenio R\u00f3mulo C\u00e1rdenas Ponce Ruiz, Secretar\u00eda Judicial N\u00b02 Previsional; y Alejandro Daniel Rodr\u00edguez, Secretar\u00eda de Juicios Originarios. De la vocal\u00eda de Rosatti, Roberto Miguel \u00c1ngel Saggese y Adriana Norma Valinotti.<\/p>\n<p>Tambi\u00e9n se incorpor\u00f3 como testigos a Mario Jorge Cimadevilla, ex miembro del Consejo de la Magistratura; a H\u00e9ctor Daniel Marchi, Secretar\u00eda General de Administraci\u00f3n de la Corte Suprema; y a los jueces Sebasti\u00e1n Ramos y Alejo Ramos Padilla.<\/p>\n","protected":false},"excerpt":{"rendered":"<p>La reuni\u00f3n en Diputados tambi\u00e9n dio apertura al sumario para acumular pruebas que sostengan la acusaci\u00f3n en lo que ser\u00e1 la etapa de investigaci\u00f3n sobre el presunto mal desempe\u00f1o de Horacio Rosatti, Carlos Rosenkrantz, Juan Carlos Maqueda y Ricardo Lorenzetti &nbsp; &nbsp; En el marco de la reuni\u00f3n, la titular de la Comisi\u00f3n, diputada Carolina Gaillard (FdT), se\u00f1al\u00f3 que \u201cel prop\u00f3sito es avanzar en el cronograma de producci\u00f3n de pruebas, ya que se ha aprobado la admisibilidad en la reuni\u00f3n pasada, y abrir la causa a la investigaci\u00f3n sobre las&#8230;<\/p>\n","protected":false},"author":3,"featured_media":97851,"comment_status":"closed","ping_status":"closed","sticky":false,"template":"","format":"standard","meta":[],"categories":[9],"tags":[],"_links":{"self":[{"href":"https:\/\/www.actualidadadiario.com\/index.php\/wp-json\/wp\/v2\/posts\/97850"}],"collection":[{"href":"https:\/\/www.actualidadadiario.com\/index.php\/wp-json\/wp\/v2\/posts"}],"about":[{"href":"https:\/\/www.actualidadadiario.com\/index.php\/wp-json\/wp\/v2\/types\/post"}],"author":[{"embeddable":true,"href":"https:\/\/www.actualidadadiario.com\/index.php\/wp-json\/wp\/v2\/users\/3"}],"replies":[{"embeddable":true,"href":"https:\/\/www.actualidadadiario.com\/index.php\/wp-json\/wp\/v2\/comments?post=97850"}],"version-history":[{"count":1,"href":"https:\/\/www.actualidadadiario.com\/index.php\/wp-json\/wp\/v2\/posts\/97850\/revisions"}],"predecessor-version":[{"id":97852,"href":"https:\/\/www.actualidadadiario.com\/index.php\/wp-json\/wp\/v2\/posts\/97850\/revisions\/97852"}],"wp:featuredmedia":[{"embeddable":true,"href":"https:\/\/www.actualidadadiario.com\/index.php\/wp-json\/wp\/v2\/media\/97851"}],"wp:attachment":[{"href":"https:\/\/www.actualidadadiario.com\/index.php\/wp-json\/wp\/v2\/media?parent=97850"}],"wp:term":[{"taxonomy":"category","embeddable":true,"href":"https:\/\/www.actualidadadiario.com\/index.php\/wp-json\/wp\/v2\/categories?post=97850"},{"taxonomy":"post_tag","embeddable":true,"href":"https:\/\/www.actualidadadiario.com\/index.php\/wp-json\/wp\/v2\/tags?post=97850"}],"curies":[{"name":"wp","href":"https:\/\/api.w.org\/{rel}","templated":true}]}}