{"id":97848,"date":"2023-02-16T15:42:06","date_gmt":"2023-02-16T18:42:06","guid":{"rendered":"https:\/\/www.actualidadadiario.com\/?p=97848"},"modified":"2023-02-16T15:42:06","modified_gmt":"2023-02-16T18:42:06","slug":"unidad-paso-y-tres-decenas-de-dirigentes-el-frente-de-todos-pone-en-marcha-su-mesa-politica","status":"publish","type":"post","link":"https:\/\/www.actualidadadiario.com\/index.php\/2023\/02\/16\/unidad-paso-y-tres-decenas-de-dirigentes-el-frente-de-todos-pone-en-marcha-su-mesa-politica\/","title":{"rendered":"Unidad, PASO y tres decenas de dirigentes: el Frente de Todos pone en marcha su mesa pol\u00edtica"},"content":{"rendered":"<p style=\"text-align: center;\"><em><strong>Las distintas corrientes que componen la coalici\u00f3n gobernante confluir\u00e1n en la sede del PJ de la calle Matheu para definir la estrategia electoral y acordar reglas internas de participaci\u00f3n en las PASO previstas para agosto<\/strong><\/em><\/p>\n<p>&nbsp;<\/p>\n<p>&nbsp;<\/p>\n<p>Los distintos espacios que componen el Frente de Todos concretar\u00e1n este jueves en la sede del Partido Justicialista de la calle Matheu la primera reuni\u00f3n de la mesa pol\u00edtica convocada por el presidente Alberto Fern\u00e1ndez, quien a su vez es titular del PJ, para definir la estrategia electoral de la coalici\u00f3n oficialista y acordar reglas internas de participaci\u00f3n en las PASO previstas para agosto.<\/p>\n<p>La cumbre arrancar\u00e1 a las 19 y ser\u00e1 el puntapi\u00e9 inicial para comenzar a definir la estrategia, el reglamento interno y el programa con las propuestas para un pr\u00f3ximo Gobierno, a pesar de que todav\u00eda se mantienen varias inc\u00f3gnitas respecto a los participantes del encuentro y el temario.<\/p>\n<p>Desde la convocatoria realizada por Twitter el pasado domingo 5, el Presidente avanz\u00f3 con varias reuniones con gobernadores peronistas; intendentes bonaerenses; el ministro de Econom\u00eda y referente del Frente Renovador, Sergio Massa; el ministro del Interior, Eduardo &#8216;Wado&#8217; De Pedro, representante en esa conversaci\u00f3n del sector de la vicepresidenta Cristina Kirchner, y con el secretario adjunto de Camioneros y triunviro de la CGT Pablo Moyano; para acercar posiciones y dialogar sobre el futuro del Frente de Todos.<\/p>\n<p>En la antesala de la cumbre, Fern\u00e1ndez mantuvo este mi\u00e9rcoles un encuentro con Massa y luego con los intendentes bonaerenses Alberto Descalzo (Ituzaing\u00f3), Juan Jos\u00e9 Mussi (Berazategui) y Juan Zabaleta (Hurlingham), entre otros. Desde la jefatura del PJ est\u00e1n trabajando contrarreloj para que asistan la mayor cantidad de dirigentes representativos de cada espacio de la coalici\u00f3n, que tendr\u00e1 cinco referentes por sector. Quienes tienen esta misi\u00f3n son el vicejefe de Gabinete, Juan Manuel Olmos; el canciller Santiago Cafiero y el flamante jefe de Gabinete, Agust\u00edn Rossi.<\/p>\n<p>&nbsp;<\/p>\n<p><strong>El temario<\/strong><\/p>\n<p>Uno de los \u00edtems que puede generar m\u00e1s rispideces es el planteo del kirchnerismo de que la mesa pol\u00edtica se pronuncie sobre lo que consideran una &#8220;proscripci\u00f3n&#8221; de la vicepresidenta tras el fallo judicial condenatorio por el caso de la obra p\u00fablica en Santa Cruz. A su vez, el Frente Renovador alzar\u00e1 su voz para que la coalici\u00f3n evite &#8220;tirarse tiros en los pies&#8221; con disputas en p\u00fablico que puedan perjudicar &#8220;la gesti\u00f3n&#8221; que encar\u00f3 Massa con el principal objetivo de bajar la inflaci\u00f3n.<\/p>\n<p>Adem\u00e1s, en el temario de la primera reuni\u00f3n se encuentra el objetivo de iniciar la discusi\u00f3n para acordar reglas de participaci\u00f3n en las PASO, siendo el principal punto de debate el porcentaje del piso que debe obtener una lista para obtener la representaci\u00f3n por la minor\u00eda y obligar a intercalar candidatos con la n\u00f3mina mayoritaria, algo poco com\u00fan en la historia del peronismo.<\/p>\n<p>El piso hist\u00f3rico del PJ se estableci\u00f3 en un 25 por ciento de los votos, por lo que algunos sectores minoritarios reclaman que se baje esa vara para tener mayores posibilidades de obtener un lugar por la minor\u00eda en las listas para legisladores o concejales, en el caso de haber PASO. Sin dudas, esta particularidad no incluye los cargos ejecutivos porque all\u00ed se obtiene la victoria por un voto en el caso de que haya una disputa en las PASO.<\/p>\n<p>En ese punto se abre otro debate en el seno del Frente de Todos y es si se habilita la competencia a nivel municipal y provincial en distritos donde gobierna la coalici\u00f3n oficialista, un pedido de varios sectores como el Movimiento Evita y La C\u00e1mpora que quieren disputar el poder en los municipios del conurbano bonaerense y otras provincias. Tambi\u00e9n est\u00e1 la posibilidad de que se logre un acuerdo entre las partes y haya una f\u00f3rmula de unidad, lo que hoy est\u00e1 lejos, pero nada es imposible en el mundo PJ, donde las conversaciones reci\u00e9n comienzan.<\/p>\n","protected":false},"excerpt":{"rendered":"<p>Las distintas corrientes que componen la coalici\u00f3n gobernante confluir\u00e1n en la sede del PJ de la calle Matheu para definir la estrategia electoral y acordar reglas internas de participaci\u00f3n en las PASO previstas para agosto &nbsp; &nbsp; Los distintos espacios que componen el Frente de Todos concretar\u00e1n este jueves en la sede del Partido Justicialista de la calle Matheu la primera reuni\u00f3n de la mesa pol\u00edtica convocada por el presidente Alberto Fern\u00e1ndez, quien a su vez es titular del PJ, para definir la estrategia electoral de la coalici\u00f3n oficialista y&#8230;<\/p>\n","protected":false},"author":3,"featured_media":89493,"comment_status":"closed","ping_status":"closed","sticky":false,"template":"","format":"standard","meta":[],"categories":[9],"tags":[],"_links":{"self":[{"href":"https:\/\/www.actualidadadiario.com\/index.php\/wp-json\/wp\/v2\/posts\/97848"}],"collection":[{"href":"https:\/\/www.actualidadadiario.com\/index.php\/wp-json\/wp\/v2\/posts"}],"about":[{"href":"https:\/\/www.actualidadadiario.com\/index.php\/wp-json\/wp\/v2\/types\/post"}],"author":[{"embeddable":true,"href":"https:\/\/www.actualidadadiario.com\/index.php\/wp-json\/wp\/v2\/users\/3"}],"replies":[{"embeddable":true,"href":"https:\/\/www.actualidadadiario.com\/index.php\/wp-json\/wp\/v2\/comments?post=97848"}],"version-history":[{"count":1,"href":"https:\/\/www.actualidadadiario.com\/index.php\/wp-json\/wp\/v2\/posts\/97848\/revisions"}],"predecessor-version":[{"id":97849,"href":"https:\/\/www.actualidadadiario.com\/index.php\/wp-json\/wp\/v2\/posts\/97848\/revisions\/97849"}],"wp:featuredmedia":[{"embeddable":true,"href":"https:\/\/www.actualidadadiario.com\/index.php\/wp-json\/wp\/v2\/media\/89493"}],"wp:attachment":[{"href":"https:\/\/www.actualidadadiario.com\/index.php\/wp-json\/wp\/v2\/media?parent=97848"}],"wp:term":[{"taxonomy":"category","embeddable":true,"href":"https:\/\/www.actualidadadiario.com\/index.php\/wp-json\/wp\/v2\/categories?post=97848"},{"taxonomy":"post_tag","embeddable":true,"href":"https:\/\/www.actualidadadiario.com\/index.php\/wp-json\/wp\/v2\/tags?post=97848"}],"curies":[{"name":"wp","href":"https:\/\/api.w.org\/{rel}","templated":true}]}}