{"id":97826,"date":"2023-02-16T12:35:37","date_gmt":"2023-02-16T15:35:37","guid":{"rendered":"https:\/\/www.actualidadadiario.com\/?p=97826"},"modified":"2023-02-16T12:35:37","modified_gmt":"2023-02-16T15:35:37","slug":"agmer-define-sobre-la-propuesta-salarial-del-gobierno","status":"publish","type":"post","link":"https:\/\/www.actualidadadiario.com\/index.php\/2023\/02\/16\/agmer-define-sobre-la-propuesta-salarial-del-gobierno\/","title":{"rendered":"Agmer define sobre la propuesta salarial del Gobierno"},"content":{"rendered":"<p style=\"text-align: center;\"><em><strong>Este jueves se desarrolla el Congreso Extraordinario de la entidad, en la ciudad de Villaguay, en el marco de las negociaciones salariales que el gremio mantiene con el Gobierno provincial. All\u00ed se definir\u00e1 si se acepta o rechaza el aumento del 28% ofrecido por las autoridades en la segunda reuni\u00f3n paritaria<\/strong><\/em><\/p>\n<p>&nbsp;<\/p>\n<p>&nbsp;<\/p>\n<p>La Comisi\u00f3n Directiva Central de la Asociaci\u00f3n Gremial del Magisterio de Entre R\u00edos (Agmer) convoc\u00f3 al 199\u00ba Congreso Extraordinario para este jueves 16 de febrero. Tendr\u00e1 modalidad presencial y se desarrollar\u00e1 desde las 9 en el Sal\u00f3n de la Seccional Villaguay (Saavedra 56).<\/p>\n<p>&nbsp;<\/p>\n<p><strong>Temario<\/strong><\/p>\n<p>Elecci\u00f3n mesa del congreso<\/p>\n<p>Informe de gesti\u00f3n.<\/p>\n<p>An\u00e1lisis de la situaci\u00f3n nacional y provincial.<\/p>\n<p>Estrategias a seguir.<\/p>\n<p>Lectura y aprobaci\u00f3n del acta.<\/p>\n<p>El encuentro se desarrollar\u00e1 en el marco de las negociaciones salariales que el sindicato docente mantiene con el Gobierno provincial, que ofreci\u00f3 un aumento del 18% con los haberes de marzo, otro del 10% con los haberes de junio y el compromiso de convocar a una nueva reuni\u00f3n en julio, una vez que se conozcan los \u00edndices de inflaci\u00f3n de junio. Adem\u00e1s, si la inflaci\u00f3n durante los primeros meses del a\u00f1o supera el aumento propuesto, se convocar\u00e1 a una reuni\u00f3n anticipada para alcanzar una soluci\u00f3n.<\/p>\n","protected":false},"excerpt":{"rendered":"<p>Este jueves se desarrolla el Congreso Extraordinario de la entidad, en la ciudad de Villaguay, en el marco de las negociaciones salariales que el gremio mantiene con el Gobierno provincial. All\u00ed se definir\u00e1 si se acepta o rechaza el aumento del 28% ofrecido por las autoridades en la segunda reuni\u00f3n paritaria &nbsp; &nbsp; La Comisi\u00f3n Directiva Central de la Asociaci\u00f3n Gremial del Magisterio de Entre R\u00edos (Agmer) convoc\u00f3 al 199\u00ba Congreso Extraordinario para este jueves 16 de febrero. Tendr\u00e1 modalidad presencial y se desarrollar\u00e1 desde las 9 en el Sal\u00f3n&#8230;<\/p>\n","protected":false},"author":3,"featured_media":91487,"comment_status":"closed","ping_status":"closed","sticky":false,"template":"","format":"standard","meta":[],"categories":[15],"tags":[],"_links":{"self":[{"href":"https:\/\/www.actualidadadiario.com\/index.php\/wp-json\/wp\/v2\/posts\/97826"}],"collection":[{"href":"https:\/\/www.actualidadadiario.com\/index.php\/wp-json\/wp\/v2\/posts"}],"about":[{"href":"https:\/\/www.actualidadadiario.com\/index.php\/wp-json\/wp\/v2\/types\/post"}],"author":[{"embeddable":true,"href":"https:\/\/www.actualidadadiario.com\/index.php\/wp-json\/wp\/v2\/users\/3"}],"replies":[{"embeddable":true,"href":"https:\/\/www.actualidadadiario.com\/index.php\/wp-json\/wp\/v2\/comments?post=97826"}],"version-history":[{"count":1,"href":"https:\/\/www.actualidadadiario.com\/index.php\/wp-json\/wp\/v2\/posts\/97826\/revisions"}],"predecessor-version":[{"id":97827,"href":"https:\/\/www.actualidadadiario.com\/index.php\/wp-json\/wp\/v2\/posts\/97826\/revisions\/97827"}],"wp:featuredmedia":[{"embeddable":true,"href":"https:\/\/www.actualidadadiario.com\/index.php\/wp-json\/wp\/v2\/media\/91487"}],"wp:attachment":[{"href":"https:\/\/www.actualidadadiario.com\/index.php\/wp-json\/wp\/v2\/media?parent=97826"}],"wp:term":[{"taxonomy":"category","embeddable":true,"href":"https:\/\/www.actualidadadiario.com\/index.php\/wp-json\/wp\/v2\/categories?post=97826"},{"taxonomy":"post_tag","embeddable":true,"href":"https:\/\/www.actualidadadiario.com\/index.php\/wp-json\/wp\/v2\/tags?post=97826"}],"curies":[{"name":"wp","href":"https:\/\/api.w.org\/{rel}","templated":true}]}}