{"id":97817,"date":"2023-02-16T12:32:06","date_gmt":"2023-02-16T15:32:06","guid":{"rendered":"https:\/\/www.actualidadadiario.com\/?p=97817"},"modified":"2023-02-16T12:32:06","modified_gmt":"2023-02-16T15:32:06","slug":"entre-rios-empieza-la-aplicacion-de-refuerzos-con-vacunas-pfizer-bivalente","status":"publish","type":"post","link":"https:\/\/www.actualidadadiario.com\/index.php\/2023\/02\/16\/entre-rios-empieza-la-aplicacion-de-refuerzos-con-vacunas-pfizer-bivalente\/","title":{"rendered":"Entre R\u00edos empieza la aplicaci\u00f3n de refuerzos con vacunas Pfizer bivalente"},"content":{"rendered":"<p style=\"text-align: center;\"><em><strong>Luego de la distribuci\u00f3n de la vacuna Pfizer bivalente, el Ministerio de Salud de la provincia de Entre R\u00edos proceder\u00e1 a iniciar la aplicaci\u00f3n de los respectivos refuerzos en Paran\u00e1. Concretamente se dise\u00f1aron tres operativos sucesivos<\/strong><\/em><\/p>\n<p>&nbsp;<\/p>\n<p>&nbsp;<\/p>\n<p>Desde la cartera sanitaria, el subsecretario de Redes Integradas de Servicios de Salud, Marcos Bachetti, destac\u00f3 la importancia de las jornadas como oportunidad para que las personas mayores de 18 a\u00f1os completen sus refuerzos (primeros, segundos o terceros) con esta nueva formulaci\u00f3n de Pfizer, pasados los 120 d\u00edas de su \u00faltima aplicaci\u00f3n.<\/p>\n<p>Por otra parte, las localidades de los distintos departamentos comunicar\u00e1n oportunamente las jornadas abiertas y vacunatorios disponibles.<\/p>\n<p>&nbsp;<\/p>\n<p><strong>Consideraciones a tener en cuenta<\/strong><\/p>\n<p>Si bien la vacuna Pfizer bivalente est\u00e1 autorizada para mayores de 12 a\u00f1os, en esta primera etapa la provincia priorizar\u00e1 a los mayores de 18 a\u00f1os por razones de riesgo. Esta f\u00f3rmula no se diluye y tiene acci\u00f3n para las dos variantes de Covid-19: original y \u00d3micron.<\/p>\n<p>Esta vacuna es s\u00f3lo para cumplimentar los refuerzos, con un intervalo de cuatro meses desde la aplicaci\u00f3n anterior.<\/p>\n<p>Cabe recordar que tras el esquema primario de dos dosis, a excepci\u00f3n de las monodosis, los j\u00f3venes de entre 12 a 17 a\u00f1os requieren dos refuerzos y los mayores de 18 a\u00f1os, tres refuerzos.<\/p>\n","protected":false},"excerpt":{"rendered":"<p>Luego de la distribuci\u00f3n de la vacuna Pfizer bivalente, el Ministerio de Salud de la provincia de Entre R\u00edos proceder\u00e1 a iniciar la aplicaci\u00f3n de los respectivos refuerzos en Paran\u00e1. Concretamente se dise\u00f1aron tres operativos sucesivos &nbsp; &nbsp; Desde la cartera sanitaria, el subsecretario de Redes Integradas de Servicios de Salud, Marcos Bachetti, destac\u00f3 la importancia de las jornadas como oportunidad para que las personas mayores de 18 a\u00f1os completen sus refuerzos (primeros, segundos o terceros) con esta nueva formulaci\u00f3n de Pfizer, pasados los 120 d\u00edas de su \u00faltima aplicaci\u00f3n&#8230;.<\/p>\n","protected":false},"author":3,"featured_media":86164,"comment_status":"closed","ping_status":"closed","sticky":false,"template":"","format":"standard","meta":[],"categories":[15],"tags":[],"_links":{"self":[{"href":"https:\/\/www.actualidadadiario.com\/index.php\/wp-json\/wp\/v2\/posts\/97817"}],"collection":[{"href":"https:\/\/www.actualidadadiario.com\/index.php\/wp-json\/wp\/v2\/posts"}],"about":[{"href":"https:\/\/www.actualidadadiario.com\/index.php\/wp-json\/wp\/v2\/types\/post"}],"author":[{"embeddable":true,"href":"https:\/\/www.actualidadadiario.com\/index.php\/wp-json\/wp\/v2\/users\/3"}],"replies":[{"embeddable":true,"href":"https:\/\/www.actualidadadiario.com\/index.php\/wp-json\/wp\/v2\/comments?post=97817"}],"version-history":[{"count":1,"href":"https:\/\/www.actualidadadiario.com\/index.php\/wp-json\/wp\/v2\/posts\/97817\/revisions"}],"predecessor-version":[{"id":97818,"href":"https:\/\/www.actualidadadiario.com\/index.php\/wp-json\/wp\/v2\/posts\/97817\/revisions\/97818"}],"wp:featuredmedia":[{"embeddable":true,"href":"https:\/\/www.actualidadadiario.com\/index.php\/wp-json\/wp\/v2\/media\/86164"}],"wp:attachment":[{"href":"https:\/\/www.actualidadadiario.com\/index.php\/wp-json\/wp\/v2\/media?parent=97817"}],"wp:term":[{"taxonomy":"category","embeddable":true,"href":"https:\/\/www.actualidadadiario.com\/index.php\/wp-json\/wp\/v2\/categories?post=97817"},{"taxonomy":"post_tag","embeddable":true,"href":"https:\/\/www.actualidadadiario.com\/index.php\/wp-json\/wp\/v2\/tags?post=97817"}],"curies":[{"name":"wp","href":"https:\/\/api.w.org\/{rel}","templated":true}]}}