{"id":97814,"date":"2023-02-16T12:31:10","date_gmt":"2023-02-16T15:31:10","guid":{"rendered":"https:\/\/www.actualidadadiario.com\/?p=97814"},"modified":"2023-02-16T12:31:10","modified_gmt":"2023-02-16T15:31:10","slug":"bordet-anuncio-ante-la-asamblea-legislativa-que-quitara-todo-cargo-provincial-de-la-factura-de-luz","status":"publish","type":"post","link":"https:\/\/www.actualidadadiario.com\/index.php\/2023\/02\/16\/bordet-anuncio-ante-la-asamblea-legislativa-que-quitara-todo-cargo-provincial-de-la-factura-de-luz\/","title":{"rendered":"Bordet anunci\u00f3 ante la Asamblea Legislativa que quitar\u00e1 &#8220;todo cargo provincial de la factura de luz&#8221;"},"content":{"rendered":"<p style=\"text-align: center;\"><em><strong>El gobernador de la provincia, Gustavo Bordet, pronunci\u00f3 su discurso anual ante la Asamblea Legislativa, integrada por los diputados, diputadas, senadores y senadoras de la provincia. En su discurso, hizo hincapi\u00e9 en el orden y la previsibilidad fiscal de la provincia. Tambi\u00e9n anunci\u00f3 que quitar\u00e1 todo cargo provincial de la factura de luz<\/strong><\/em><\/p>\n<p>&nbsp;<\/p>\n<p>&nbsp;<\/p>\n<p>A trav\u00e9s de un acto realizado en el Centro Provincial de Convenciones, el mandatario inaugur\u00f3 el 144\u00ba per\u00edodo de sesiones ordinarias, acompa\u00f1ado por la vicegobernadora, Laura Stratta, y por el presidente de la C\u00e1mara de Diputados, \u00c1ngel Giano.<\/p>\n<p>Durante su intervenci\u00f3n, Bordet realiz\u00f3 un informe detallado sobre el balance de la gesti\u00f3n 2022, el estado actual de la administraci\u00f3n p\u00fablica provincial y las medidas a implementar en el \u00faltimo a\u00f1o de su mandato al frente del Poder Ejecutivo entrerriano.<\/p>\n<p>&nbsp;<\/p>\n<p><strong>Provincia con futuro<\/strong><\/p>\n<p>El mandatario comenz\u00f3 destacando que \u201cEntre R\u00edos es un pueblo que mira al futuro y que impuls\u00f3 el trabajo para consolidar el gobierno democr\u00e1tico, republicano y federal\u201d. \u201cSomos una provincia con futuro\u201d, valor\u00f3.<\/p>\n<p>Asimismo, contextualiz\u00f3 que \u201cnuestro punto de partida fue en un contexto muy complejo\u201d. Al respecto explic\u00f3: \u201cLa primera tarea que tuvimos que afrontar fue un profundo ordenamiento de las cuentas p\u00fablicas, lo que era indispensable para dejar atr\u00e1s los reiterados retrasos en el tesoro provincial\u201d.<\/p>\n<p>En este sentido, destac\u00f3 el \u201cordenamiento en la planta del estado, tarea que se realiz\u00f3 sin despedir a ning\u00fan trabajador y priorizando el ingreso en sectores claves: salud, educaci\u00f3n y seguridad\u201d. Sobre este punto precis\u00f3 que, tras este proceso de reordenamiento, la planta del Estado evidenci\u00f3 una ca\u00edda del 2,7% entre diciembre de 2015 y diciembre de 2022.<\/p>\n<p>Tambi\u00e9n destac\u00f3 el \u201cdi\u00e1logo fecundo con los gremios\u201d, en este proceso. \u201cLlegamos a acuerdos salariales por encima de la inflaci\u00f3n y le otorgamos a los jubilados aumentos simult\u00e1neos con los de los trabajadores activos\u201d.<\/p>\n<p>&nbsp;<\/p>\n<p><strong>Equilibrio fiscal<\/strong><\/p>\n<p>\u201cSi consideramos lo ejecutado en 2015 y lo presupuestado en 2023, el gasto en funcionamiento del estado cay\u00f3 un 22%, sin vulnerar derechos de trabajadores y jubilados, y manteniendo el cumplimiento con los compromisos del Estado y la ejecuci\u00f3n de obras p\u00fablicas\u201d, explic\u00f3 Bordet.<\/p>\n<p>\u201cHoy tenemos orden, equilibrio fiscal y financiero y una deuda que no compromete las futuras ejecuciones presupuestarias de la provincia\u201d, valor\u00f3. En este sentido, precis\u00f3 que \u201cen 2015 la deuda representaba 1020 millones de d\u00f3lares y en la actualidad representa 762 millones de d\u00f3lares\u201d. Tambi\u00e9n anticip\u00f3 que \u201cahora descender\u00e1 a 648 millones de d\u00f3lares, gracias a priorizar los intereses de los entrerrianos\u201d.<\/p>\n<p>&nbsp;<\/p>\n<p><strong>Los pilares: puertos, caminos y energ\u00eda<\/strong><\/p>\n<p>\u201cTrabajamos sobre tres pilares: los puertos, la energ\u00eda y los caminos como soporte a las econom\u00edas de costos de las econom\u00edas regionales\u201d, destac\u00f3 el gobernador.<\/p>\n<p>En relaci\u00f3n a los puertos, detall\u00f3 que \u201cpusimos operativos los tres principales puertos de ultramar: el de Concepci\u00f3n del Uruguay, el de Ibicuy y el de Diamante\u201d y destac\u00f3 las \u201cobras de dragado y balizamiento\u201d.<\/p>\n<p>En este sentido, anticip\u00f3 que se abrir\u00e1 la convocatoria de inversiones para fortalecer la infraestructura portuaria. Tambi\u00e9n destac\u00f3 que estas medidas en pos del desarrollo del comercio exterior de la provincia, \u201cse complementar\u00e1 con el aeropuerto binacional de Concordia que est\u00e1 en marcha y con buen grado de avance\u201d.<\/p>\n<p>En cuanto a la inversi\u00f3n vial, Bordet valor\u00f3 que \u201chace siete a\u00f1os que llevamos una inversi\u00f3n hist\u00f3rica en infraestructura vial con recursos financieros internacionales y principalmente propios\u201d. \u201cDesde 2016 a 2020 se construyeron m\u00e1s de 900 caminos entre rutas, accesos, alcantarillas y calles\u201d, detall\u00f3.<\/p>\n<p>En este contexto, anunci\u00f3 que el 30 de marzo se abrir\u00e1n los sobres para la repavimentaci\u00f3n de las rutas provinciales 1 y 2.<\/p>\n<p>En relaci\u00f3n a la energ\u00eda, el gobernador valor\u00f3 que \u201cse increment\u00f3 la infraestructura en gas y electricidad\u201d. \u201c30 localidades accedieron al gas por primera vez o tuvieron ampliaciones en redes ya existentes\u201d, se\u00f1al\u00f3 al respecto.<\/p>\n<p>Sobre este tema, ratific\u00f3 que se decidi\u00f3 revocar el contrato con GasNea por las faltas de inversiones de la empresa. \u201cTodas las inversiones las ha realizado el estado provincial en los \u00faltimos a\u00f1os y la empresa de gas de la provincia est\u00e1 perfectamente capacitada para realizar la concesi\u00f3n que hoy se ejecuta\u201d, se\u00f1al\u00f3.<\/p>\n<p>En materia de energ\u00eda el\u00e9ctrica ratific\u00f3 que \u201cSalto Grande es de los entrerrianos y esta debe ser una tarea que nos debe unir a todas las fuerzas pol\u00edticas\u201d. \u201cNo puede seguir sucediendo que paguemos una tarifa el\u00e9ctrica totalmente inequitativa, cuando en el AMBA est\u00e1 subsidiada\u201d, fustig\u00f3.<\/p>\n<p>Al respecto, confirm\u00f3 que decidi\u00f3 suspender el aumento que estaba previsto en la tarifa energ\u00e9tica. Tambi\u00e9n inform\u00f3 que se quitar\u00e1 todo cargo provincial de la factura de luz que reciben los consumidores.<\/p>\n<p>\u201cNo habr\u00e1 ning\u00fan cargo en la factura de electricidad que corresponda a la provincia\u201d, destac\u00f3 e invit\u00f3 a los municipios a \u201chacer un esfuerzo con las tasas municipales\u201d.<\/p>\n<p>&nbsp;<\/p>\n<p><strong>Viviendas<\/strong><\/p>\n<p>\u201cLa vivienda digna derecho constitucional que garantizamos en las dos gestiones\u201d, valor\u00f3 Bordet. Especialmente destac\u00f3 las obras habitaciones en \u201c\u00e1mbitos rurales, lo que ayud\u00f3 a reactivar la econom\u00eda de los pueblos\u201d.<\/p>\n<p>\u201cCon el programa Primero tu Casa, llevamos construidas m\u00e1s de 1000 viviendas en 60 localidades. Una cifra similar est\u00e1 en ejecuci\u00f3n en 30 localidades y est\u00e1n en proceso de licitaci\u00f3n m\u00e1s de 400 viviendas en 17 comunas, todas con fondos provinciales\u201d, detall\u00f3.<\/p>\n<p>&nbsp;<\/p>\n<p><strong>Sector productivo<\/strong><\/p>\n<p>\u201cEl campo y su industria asociada son actores centrales en la econom\u00eda de Entre R\u00edos. Hay miles de empresas de emprendedores y por eso acompa\u00f1amos a todas las cadenas de valor que componen la agroindustria\u201d, resalt\u00f3 Bordet.<\/p>\n<p>En esta l\u00ednea, destac\u00f3 que \u201chemos estado al lado de nuestro sector productivo ante las contingencias clim\u00e1ticas\u201d. Teniendo en cuenta la falta de lluvias y la bajante hist\u00f3rica del r\u00edo Paran\u00e1 que afectan a la provincia, se\u00f1al\u00f3 que \u201cse est\u00e1 subsidiando junto a Naci\u00f3n las tasas de inter\u00e9s de nuevas l\u00edneas crediticias para el sector\u201d.<\/p>\n<p>Adem\u00e1s, inform\u00f3 que enviar\u00e1 un proyecto de ley a la legislatura provincial para que, quienes estuvieron en situaci\u00f3n de emergencia agropecuaria durante dos per\u00edodos consecutivos, sean considerados en la categor\u00eda de desastre, lo cual les permitir\u00e1 acceder a mayores exenciones impositivas y herramientas para recomponer su capital de trabajo. El proyecto contempla la exenci\u00f3n de los vencimientos del impuesto inmobiliario rural de 2022.<\/p>\n<p>&nbsp;<\/p>\n<p><strong>Consumo local<\/strong><\/p>\n<p>Sobre el consumo y el movimiento econ\u00f3mico local, el mandatario resalt\u00f3 \u201cla creaci\u00f3n del programa de promoci\u00f3n del empleo industrial por el que la provincia realiza aportes no reintegrables a las industrias que ampl\u00eden su planta de personal\u201d. Asimismo, destac\u00f3 \u201cel programa Billetera Entre R\u00edos, por el que se otorgan reintegros por cada compra en locales de venta de alimentos y farmacias adheridas, incorporando recientemente las librer\u00edas\u201d.<\/p>\n<p>\u201cTodo ese proceso de inversi\u00f3n, est\u00edmulo e infraestructura se tradujo en los niveles de empleo en el sector privado que registr\u00f3 una suba de 5,13 puntos\u201d, destac\u00f3.<\/p>\n<p>&nbsp;<\/p>\n<p><strong>Educaci\u00f3n y salud<\/strong><\/p>\n<p>Bordet se\u00f1al\u00f3 que \u201ca pesar del aislamiento social obligatorio, por la pandemia, la escuela pudo reconvertirse r\u00e1pidamente y se concret\u00f3 un plan basado en la igualdad de oportunidades, en ciencia e innovaci\u00f3n tecnol\u00f3gica\u201d<\/p>\n<p>En cuanto a la labor docente, destac\u00f3 que \u201cse concret\u00f3 un aumento para la docencia entrerriana de cinco puntos por encima de la inflaci\u00f3n\u201d. \u201cEstamos seguros que este a\u00f1o llegaremos r\u00e1pidamente a un acuerdo que permita mejorar el salario acompa\u00f1ando el proceso inflacionario\u201d, augur\u00f3.<\/p>\n<p>El mandatario tambi\u00e9n hizo referencia a la extensi\u00f3n de la jornada escolar y resalt\u00f3 que \u201crepresentar\u00e1 38 d\u00edas m\u00e1s de clases al a\u00f1o\u201d. \u201cPara acompa\u00f1ar este proceso realizamos obras en peque\u00f1as y grandes localidades, adaptadas a la necesidad espec\u00edfica de cada lugar\u201d, indic\u00f3.<\/p>\n<p>\u201cFinalizamos 16 unidades educativas de nivel inicial, tenemos 11 m\u00e1s en ecuaci\u00f3n; adem\u00e1s la construcci\u00f3n del campus de la UADER ser\u00e1 una realidad\u201d, se\u00f1al\u00f3.<\/p>\n<p>En materia de salud se\u00f1al\u00f3 que al finalizar la gesti\u00f3n \u201chabremos dejado una transformaci\u00f3n muy importante en cuanto a infraestructura, equipamiento sanitario y la incorporaci\u00f3n de m\u00e1s de 150 ambulancias de baja, mediana y alta complejidad\u201d. Destac\u00f3 en ese sentido las inversiones para dejar operativo el Hospital de la Baxada, en Paran\u00e1, y anunci\u00f3 que se terminar\u00e1 el hospital Bicentenario de Gualeguaych\u00fa.<\/p>\n<p>Tambi\u00e9n destac\u00f3 que se llamar\u00e1 a licitaci\u00f3n el nuevo edificio del Hospital Santa Rosa de Villaguay; los avances en el laboratorio de epidemiolog\u00eda, y de en el laboratorio Industrias Farmac\u00e9uticas de Entre R\u00edos (Infader).<\/p>\n<p>Asimismo, consider\u00f3 como hitos la regularizaci\u00f3n de profesionales de la salud y la sanci\u00f3n de la ley de Enfermer\u00eda, as\u00ed como la reducci\u00f3n de la mortalidad infantil y la hist\u00f3rica campa\u00f1a de vacunaci\u00f3n contra el covid.<\/p>\n<p>&nbsp;<\/p>\n<p><strong>Calidad institucional<\/strong><\/p>\n<p>La calidad institucional, fue otro de los ejes de importancia resaltados por el mandatario, considerando que \u201cel respeto por las instituciones hace a la calidad democr\u00e1tica de la provincia\u201d. Entre las principales pol\u00edticas en este sentido enumer\u00f3 la creaci\u00f3n de comunas, la creaci\u00f3n de nuevos municipios y destac\u00f3 en un p\u00e1rrafo aparte el proceso para establecer la colonia productiva Guardamonte, se\u00f1alando que \u201cdespu\u00e9s de 60 a\u00f1os, Entre R\u00edos volvi\u00f3 a ver nacer una nueva colonia\u201d.<\/p>\n<p>Iniciativas como el Juicio por Jurados y los llamados a concursos p\u00fablicos de oposici\u00f3n y antecedentes para cubrir cargos de control de la administraci\u00f3n p\u00fablica, como el Tribunal de Cuentas, en cumplimiento de lo establecido en la Constituci\u00f3n Provincial de 2008, fueron otras de las acciones de gobierno resaltadas en ese marco.<\/p>\n<p>En orden de cosas, agradeci\u00f3 a la vicegobernadora Laura Stratta, quien fue una pieza fundamental en la sanci\u00f3n de normas \u201cque cambiaron el modo de ver y practicar la pol\u00edtica\u201d, como la Ley de Paridad Integral y el nuevo r\u00e9gimen de prevenci\u00f3n de la violencia, que ubica a Entre R\u00edos a la vanguardia de la legislaci\u00f3n del resto del pa\u00eds.<\/p>\n<p>&nbsp;<\/p>\n<p><strong>Ley de ni\u00f1ez<\/strong><\/p>\n<p>En funci\u00f3n de lo comprometido en 2017, el mandatario dijo que enviar\u00e1 a la legislatura un proyecto para modificar la ley de Ni\u00f1ez con el objetivo de mejorar las condiciones de vida de las ni\u00f1as y los ni\u00f1os. Entre otras innovaciones, esta nueva norma incluir\u00e1 la creaci\u00f3n de la Defensor\u00eda de Ni\u00f1as, Ni\u00f1os y Adolescentes.<\/p>\n<p>&nbsp;<\/p>\n<p><strong>Ambiente<\/strong><\/p>\n<p>En materia ambiental, dio a conocer que se reglament\u00f3 la ley 10.671, que\u00a0 incorpora a la categor\u00eda de reserva de usos m\u00faltiples a los humedales e islas de Victoria con un plan de manejo sustentable fruto de \u201cde un extenso trabajo de di\u00e1logo y articulaci\u00f3n entre todos los sectores de la zona. Esto brindar\u00e1 directrices claras sobre las actividades que se pueden desarrollar, y c\u00f3mo hacerlas, con los criterios necesarios para preservar este espacio fundamental para la vida\u201d, remarc\u00f3.<\/p>\n<p>&nbsp;<\/p>\n<p><strong>Bomberos voluntarios<\/strong><\/p>\n<p>Comunic\u00f3 que elevar\u00e1 un proyecto para una nueva ley de Bomberos Voluntarios que reemplace a la actual, el cual se est\u00e1 enviando a la legislatura. El proyecto que pretende reemplazar a la norma que data de 1987, busca actualizar el funcionamiento de las Asociaciones de Bomberos Voluntarios en Entre R\u00edos y su vinculaci\u00f3n con el Estado provincial.<\/p>\n<p>&nbsp;<\/p>\n<p><strong>\u00a0\u201cGarant\u00eda de gobernabilidad\u201d<\/strong><\/p>\n<p>Bordet destac\u00f3 que en la provincia \u201chay educaci\u00f3n, compromiso, trabajo y esfuerzo\u201d. Resalt\u00f3 que en los \u00faltimos a\u00f1os Entre R\u00edos se transform\u00f3 en una provincia \u201cordenada, previsible y que introdujo perspectiva de g\u00e9nero en \u00e1mbitos de decisi\u00f3n\u201d.<\/p>\n<p>\u201cEntre R\u00edos hoy es garant\u00eda de gobernabilidad, manteniendo el respeto a la vida, a las instituciones y a los derechos humanos como imperativos que debemos cumplir en conjunto\u201d, finaliz\u00f3.<\/p>\n","protected":false},"excerpt":{"rendered":"<p>El gobernador de la provincia, Gustavo Bordet, pronunci\u00f3 su discurso anual ante la Asamblea Legislativa, integrada por los diputados, diputadas, senadores y senadoras de la provincia. En su discurso, hizo hincapi\u00e9 en el orden y la previsibilidad fiscal de la provincia. Tambi\u00e9n anunci\u00f3 que quitar\u00e1 todo cargo provincial de la factura de luz &nbsp; &nbsp; A trav\u00e9s de un acto realizado en el Centro Provincial de Convenciones, el mandatario inaugur\u00f3 el 144\u00ba per\u00edodo de sesiones ordinarias, acompa\u00f1ado por la vicegobernadora, Laura Stratta, y por el presidente de la C\u00e1mara de&#8230;<\/p>\n","protected":false},"author":3,"featured_media":97815,"comment_status":"closed","ping_status":"closed","sticky":false,"template":"","format":"standard","meta":[],"categories":[9,15],"tags":[],"_links":{"self":[{"href":"https:\/\/www.actualidadadiario.com\/index.php\/wp-json\/wp\/v2\/posts\/97814"}],"collection":[{"href":"https:\/\/www.actualidadadiario.com\/index.php\/wp-json\/wp\/v2\/posts"}],"about":[{"href":"https:\/\/www.actualidadadiario.com\/index.php\/wp-json\/wp\/v2\/types\/post"}],"author":[{"embeddable":true,"href":"https:\/\/www.actualidadadiario.com\/index.php\/wp-json\/wp\/v2\/users\/3"}],"replies":[{"embeddable":true,"href":"https:\/\/www.actualidadadiario.com\/index.php\/wp-json\/wp\/v2\/comments?post=97814"}],"version-history":[{"count":1,"href":"https:\/\/www.actualidadadiario.com\/index.php\/wp-json\/wp\/v2\/posts\/97814\/revisions"}],"predecessor-version":[{"id":97816,"href":"https:\/\/www.actualidadadiario.com\/index.php\/wp-json\/wp\/v2\/posts\/97814\/revisions\/97816"}],"wp:featuredmedia":[{"embeddable":true,"href":"https:\/\/www.actualidadadiario.com\/index.php\/wp-json\/wp\/v2\/media\/97815"}],"wp:attachment":[{"href":"https:\/\/www.actualidadadiario.com\/index.php\/wp-json\/wp\/v2\/media?parent=97814"}],"wp:term":[{"taxonomy":"category","embeddable":true,"href":"https:\/\/www.actualidadadiario.com\/index.php\/wp-json\/wp\/v2\/categories?post=97814"},{"taxonomy":"post_tag","embeddable":true,"href":"https:\/\/www.actualidadadiario.com\/index.php\/wp-json\/wp\/v2\/tags?post=97814"}],"curies":[{"name":"wp","href":"https:\/\/api.w.org\/{rel}","templated":true}]}}