{"id":97811,"date":"2023-02-15T15:48:51","date_gmt":"2023-02-15T18:48:51","guid":{"rendered":"https:\/\/www.actualidadadiario.com\/?p=97811"},"modified":"2023-02-15T15:48:51","modified_gmt":"2023-02-15T18:48:51","slug":"continuan-las-mismas-autoridades-en-la-camara-de-senadores-de-entre-rios","status":"publish","type":"post","link":"https:\/\/www.actualidadadiario.com\/index.php\/2023\/02\/15\/continuan-las-mismas-autoridades-en-la-camara-de-senadores-de-entre-rios\/","title":{"rendered":"Contin\u00faan las mismas autoridades en la C\u00e1mara de Senadores de Entre R\u00edos"},"content":{"rendered":"<p style=\"text-align: center;\"><em><strong>Este mi\u00e9rcoles se realiz\u00f3 la sesi\u00f3n preparatoria de la C\u00e1mara de Senadores de la Provincia.\u00a0 Daniel Olano y Rub\u00e9n Dal Mol\u00edn seguir\u00e1n siendo el vicepresidente primero y segundo del Cuerpo que presidente la vicegobernadora Laura Stratta. Armando Gay y Francisco Morchio continuar\u00e1n presidiendo el bloque oficialista y el opositor<\/strong><\/em><\/p>\n<p>&nbsp;<\/p>\n<p>&nbsp;<\/p>\n<p>Cumpliendo con lo establecido por la Constituci\u00f3n provincial y tal como marca el reglamento de la C\u00e1mara de Senadores, este martes 15 de febrero, el Senado entrerriano celebr\u00f3 la sesi\u00f3n preparatoria correspondiente al 144\u00ba Per\u00edodo Legislativo.<\/p>\n<p>El encuentro fue presidido por la vicegobernadora y presidenta del Senado, Laura Stratta y en el mismo fueron proclamados nuevamente como Vicepresidente Primero de la C\u00e1mara de Senadores al legislador del departamento Islas, Daniel Olano, y como Vicepresidente Segundo al representante del departamento Federaci\u00f3n, Rub\u00e9n Alberto Dal Mol\u00edn.<\/p>\n<p>En relaci\u00f3n a los bloques, el representante departamental de Concordia, Armando Gay, continuar\u00e1 comandando el Frente de Todos, Armando Gay, mientras que el gualeyo Francisco Morchio har\u00e1 lo propio en Juntos por el Cambio.<\/p>\n<p>Finalmente se determin\u00f3 que las convocatorias a las sesiones se seguir\u00e1n haciendo los martes y mi\u00e9rcoles a las 9 y los jueves a las 11, semana por medio, y que la primera sesi\u00f3n tendr\u00e1 lugar la semana pr\u00f3xima.<\/p>\n<p>Cabe destacar que el 144\u00b0 Per\u00edodo Legislativo de Sesiones Ordinarias quedar\u00e1 formalmente inaugurado con el mensaje que desde las 19:30 el gobernador Gustavo Bordet brindar\u00e1 ante la Asamblea Legislativa.<\/p>\n","protected":false},"excerpt":{"rendered":"<p>Este mi\u00e9rcoles se realiz\u00f3 la sesi\u00f3n preparatoria de la C\u00e1mara de Senadores de la Provincia.\u00a0 Daniel Olano y Rub\u00e9n Dal Mol\u00edn seguir\u00e1n siendo el vicepresidente primero y segundo del Cuerpo que presidente la vicegobernadora Laura Stratta. Armando Gay y Francisco Morchio continuar\u00e1n presidiendo el bloque oficialista y el opositor &nbsp; &nbsp; Cumpliendo con lo establecido por la Constituci\u00f3n provincial y tal como marca el reglamento de la C\u00e1mara de Senadores, este martes 15 de febrero, el Senado entrerriano celebr\u00f3 la sesi\u00f3n preparatoria correspondiente al 144\u00ba Per\u00edodo Legislativo. El encuentro fue&#8230;<\/p>\n","protected":false},"author":3,"featured_media":97812,"comment_status":"closed","ping_status":"closed","sticky":false,"template":"","format":"standard","meta":[],"categories":[15],"tags":[],"_links":{"self":[{"href":"https:\/\/www.actualidadadiario.com\/index.php\/wp-json\/wp\/v2\/posts\/97811"}],"collection":[{"href":"https:\/\/www.actualidadadiario.com\/index.php\/wp-json\/wp\/v2\/posts"}],"about":[{"href":"https:\/\/www.actualidadadiario.com\/index.php\/wp-json\/wp\/v2\/types\/post"}],"author":[{"embeddable":true,"href":"https:\/\/www.actualidadadiario.com\/index.php\/wp-json\/wp\/v2\/users\/3"}],"replies":[{"embeddable":true,"href":"https:\/\/www.actualidadadiario.com\/index.php\/wp-json\/wp\/v2\/comments?post=97811"}],"version-history":[{"count":1,"href":"https:\/\/www.actualidadadiario.com\/index.php\/wp-json\/wp\/v2\/posts\/97811\/revisions"}],"predecessor-version":[{"id":97813,"href":"https:\/\/www.actualidadadiario.com\/index.php\/wp-json\/wp\/v2\/posts\/97811\/revisions\/97813"}],"wp:featuredmedia":[{"embeddable":true,"href":"https:\/\/www.actualidadadiario.com\/index.php\/wp-json\/wp\/v2\/media\/97812"}],"wp:attachment":[{"href":"https:\/\/www.actualidadadiario.com\/index.php\/wp-json\/wp\/v2\/media?parent=97811"}],"wp:term":[{"taxonomy":"category","embeddable":true,"href":"https:\/\/www.actualidadadiario.com\/index.php\/wp-json\/wp\/v2\/categories?post=97811"},{"taxonomy":"post_tag","embeddable":true,"href":"https:\/\/www.actualidadadiario.com\/index.php\/wp-json\/wp\/v2\/tags?post=97811"}],"curies":[{"name":"wp","href":"https:\/\/api.w.org\/{rel}","templated":true}]}}