{"id":97809,"date":"2023-02-15T15:48:13","date_gmt":"2023-02-15T18:48:13","guid":{"rendered":"https:\/\/www.actualidadadiario.com\/?p=97809"},"modified":"2023-02-15T15:48:13","modified_gmt":"2023-02-15T18:48:13","slug":"reclaman-la-reglamentacion-y-puesta-en-practica-de-la-ley-felipe","status":"publish","type":"post","link":"https:\/\/www.actualidadadiario.com\/index.php\/2023\/02\/15\/reclaman-la-reglamentacion-y-puesta-en-practica-de-la-ley-felipe\/","title":{"rendered":"Reclaman la reglamentaci\u00f3n y puesta en pr\u00e1ctica de la Ley Felipe"},"content":{"rendered":"<p style=\"text-align: center;\"><em><strong>Familias que impulsaron la sanci\u00f3n en la provincia de la norma que garantiza asistencia del Estado para quienes tienen hijos bajo tratamiento por c\u00e1ncer (Ley Felipe) reclamaron al Poder Ejecutivo provincial que concrete la reglamentaci\u00f3n y puesta en vigencia de la normativa. En el Ministerio de Salud indicaron que a\u00fan no se realiz\u00f3 la convocatoria para armar el decreto reglamentario<\/strong><\/em><\/p>\n<p>&nbsp;<\/p>\n<p>&nbsp;<\/p>\n<p>A trav\u00e9s de la cuenta que tienen en Twitter, el colectivo de la Ley Felipe expres\u00f3: \u201cNecesitamos que el Poder Ejecutivo reglamente la Ley Felipe, necesitamos que cada familia se sienta acompa\u00f1ada, contenida y abrazada por el Estado Provincial\u201d.<\/p>\n<p>\u201cLas familias y los gurises que padecen esta enfermedad no tienen el mismo tiempo que tienen los actos administrativos, por eso pedimos al Poder Ejecutivo que reglamente de manera urgente\u201d, reclamaron.<\/p>\n<p>Las fuentes de la cartera de Salud consultadas por esta Agencia indicaron al respecto que a\u00fan no se ha generado la convocatoria de las distintas \u00e1reas que deben intervenir para armar el decreto reglamentario.<\/p>\n<p>La norma fue impulsada por Danilo Bertoni y Elizabeth Artazar, pap\u00e1 y mam\u00e1 de Felipe, un chiquito que falleci\u00f3 de c\u00e1ncer. La normativa establece el acompa\u00f1amiento econ\u00f3mico del Estado para que las familias puedan viajar y acompa\u00f1ar a sus hijos en caso de que se les detecte la enfermedad.<\/p>\n<p>En la C\u00e1mara de Diputados de la provincia, el proyecto fue presentado por el diputado Juan Manuel Huss (Frente Creer). Fue sancionado a fines del a\u00f1o pasado.<\/p>\n<p>Las familias que est\u00e1n promoviendo este derecho recordaron que este 15 de febrero se conmemora el D\u00eda Internacional del C\u00e1ncer Infantil.<\/p>\n<p>\u201cHace unos meses, realizamos un Foro en la ciudad de Concordia, fue una de las plazas m\u00e1s duras que nos toc\u00f3 compartir. Mientras familiares contaban sus historias, escuch\u00e1bamos todo lo que ten\u00edan que hacer para que sus hijos puedan recibir atenci\u00f3n m\u00e9dica. Familias\u00a0 que viajaban en camiones, que dorm\u00edan en bancos de hospitales, familias que no com\u00edan o com\u00edan muy poco porque no ten\u00edan para nada m\u00e1s\u201d, indicaron.<\/p>\n<p>\u201cHoy tenemos la #LeyFelipe pero de qu\u00e9 sirve que haya sido aprobada si a\u00fan la misma\u201d, concluyeron.<\/p>\n","protected":false},"excerpt":{"rendered":"<p>Familias que impulsaron la sanci\u00f3n en la provincia de la norma que garantiza asistencia del Estado para quienes tienen hijos bajo tratamiento por c\u00e1ncer (Ley Felipe) reclamaron al Poder Ejecutivo provincial que concrete la reglamentaci\u00f3n y puesta en vigencia de la normativa. En el Ministerio de Salud indicaron que a\u00fan no se realiz\u00f3 la convocatoria para armar el decreto reglamentario &nbsp; &nbsp; A trav\u00e9s de la cuenta que tienen en Twitter, el colectivo de la Ley Felipe expres\u00f3: \u201cNecesitamos que el Poder Ejecutivo reglamente la Ley Felipe, necesitamos que cada&#8230;<\/p>\n","protected":false},"author":3,"featured_media":94797,"comment_status":"closed","ping_status":"closed","sticky":false,"template":"","format":"standard","meta":[],"categories":[9,15],"tags":[],"_links":{"self":[{"href":"https:\/\/www.actualidadadiario.com\/index.php\/wp-json\/wp\/v2\/posts\/97809"}],"collection":[{"href":"https:\/\/www.actualidadadiario.com\/index.php\/wp-json\/wp\/v2\/posts"}],"about":[{"href":"https:\/\/www.actualidadadiario.com\/index.php\/wp-json\/wp\/v2\/types\/post"}],"author":[{"embeddable":true,"href":"https:\/\/www.actualidadadiario.com\/index.php\/wp-json\/wp\/v2\/users\/3"}],"replies":[{"embeddable":true,"href":"https:\/\/www.actualidadadiario.com\/index.php\/wp-json\/wp\/v2\/comments?post=97809"}],"version-history":[{"count":1,"href":"https:\/\/www.actualidadadiario.com\/index.php\/wp-json\/wp\/v2\/posts\/97809\/revisions"}],"predecessor-version":[{"id":97810,"href":"https:\/\/www.actualidadadiario.com\/index.php\/wp-json\/wp\/v2\/posts\/97809\/revisions\/97810"}],"wp:featuredmedia":[{"embeddable":true,"href":"https:\/\/www.actualidadadiario.com\/index.php\/wp-json\/wp\/v2\/media\/94797"}],"wp:attachment":[{"href":"https:\/\/www.actualidadadiario.com\/index.php\/wp-json\/wp\/v2\/media?parent=97809"}],"wp:term":[{"taxonomy":"category","embeddable":true,"href":"https:\/\/www.actualidadadiario.com\/index.php\/wp-json\/wp\/v2\/categories?post=97809"},{"taxonomy":"post_tag","embeddable":true,"href":"https:\/\/www.actualidadadiario.com\/index.php\/wp-json\/wp\/v2\/tags?post=97809"}],"curies":[{"name":"wp","href":"https:\/\/api.w.org\/{rel}","templated":true}]}}