{"id":97804,"date":"2023-02-15T15:46:52","date_gmt":"2023-02-15T18:46:52","guid":{"rendered":"https:\/\/www.actualidadadiario.com\/?p=97804"},"modified":"2023-02-15T15:46:52","modified_gmt":"2023-02-15T18:46:52","slug":"policia-de-entre-rios-los-cambios-en-departamentales-y-los-nuevos-directores","status":"publish","type":"post","link":"https:\/\/www.actualidadadiario.com\/index.php\/2023\/02\/15\/policia-de-entre-rios-los-cambios-en-departamentales-y-los-nuevos-directores\/","title":{"rendered":"Polic\u00eda de Entre R\u00edos: los cambios en Departamentales y los nuevos directores"},"content":{"rendered":"<p style=\"text-align: center;\"><em><strong>Se desarroll\u00f3 en la Escuela de Polic\u00eda Dr. Salvador Maci\u00e1 el acto de asunci\u00f3n de nuevas autoridades en la Plana Mayor de la Polic\u00eda. Son cuatro nuevos directores, siete subdirectores, tres nuevos jefes departamentales y nueve subjefes<\/strong><\/em><\/p>\n<p>&nbsp;<\/p>\n<p>&nbsp;<\/p>\n<p>&nbsp;<\/p>\n<p>En la ma\u00f1ana de este martes se desarroll\u00f3 en la Escuela de Polic\u00eda Dr. Salvador Maci\u00e1 el acto de asunci\u00f3n de nuevas autoridades en la Plana Mayor de la Polic\u00eda. Se trata de cuatro nuevos directores, siete subdirectores, tres nuevos jefes departamentales y nueve subjefes.<\/p>\n<p>\u201cTodos los a\u00f1os, en virtud de los retiros, se hace una renovaci\u00f3n de la Plana Mayor que tiene que ver con la calidad que ha alcanzado nuestra Polic\u00eda, que se capacita permanentemente, que interviene con un rol fundamental en todo lo que es el Sistema de Justicia y en velar por la seguridad de los entrerrianos. Por supuesto, quienes se van de la Fuerza tambi\u00e9n son reconocidos y siguen en la familia policial\u201d, destac\u00f3 la ministra de Gobierno y Justicia, Rosario Romero.<\/p>\n<p>El jefe de Polic\u00eda, Gustavo Maslein, inform\u00f3: \u201cA\u00f1o a a\u00f1o van surgiendo retiros y ascensos en la Fuerza de Seguridad. Hoy toca con directores y subdirectores. Son cuatro las Direcciones que cambian de integrantes, hicimos lo propio con algunas departamentales, en Feliciano, Villaguay y Victoria\u201d.<\/p>\n<p>En este sentido, agreg\u00f3: \u201cAgradecer al personal que estuvo hasta hoy en los cargos, que fueron muy leales, siempre comprometidos con la Instituci\u00f3n y con los vecinos. Tambi\u00e9n es lo que le pedimos a los nuevos integrantes, sumado a la investigaci\u00f3n y prevenci\u00f3n del delito junto a Municipios, Comunas y Juntas de Gobierno de la Provincia\u201d.<\/p>\n<p>&nbsp;<\/p>\n<p><strong>Nuevas autoridades<\/strong><\/p>\n<p><strong>Directores de Criminal\u00edstica:<\/strong> Da. Alejandra Ber\u00f3n<\/p>\n<p><strong>Inteligencia Criminal:<\/strong> Comisario Mayor D. \u00c1ngel Pasutti<\/p>\n<p><strong>Asuntos Internos:<\/strong> Comisario Mayor D. Marcelo Claucich<\/p>\n<p><strong>Inteligencia:<\/strong> Comisario Mayor D. Omar Regondi<\/p>\n<p><strong>Ayudant\u00eda Gral:<\/strong> Comisario Insp. D. Mario Celis<\/p>\n<p><strong>Institutos Policiales:<\/strong> Comisario Inspector D. Jorge Gajardo<\/p>\n<p><strong>Asuntos Internos:<\/strong> Comisario Inspector D. Pablo Gordillo<\/p>\n<p><strong>Prevenci\u00f3n y Seguridad Vial:<\/strong> Comisario Inspector D. Cristian Van Derdonckt;<\/p>\n<p><strong>Inteligencia Criminal:<\/strong> Comisario Inspector D. Horacio Blas\u00f3n<\/p>\n<p><strong>Prevenci\u00f3n Delitos Rurales:<\/strong> Comisario Inspector D. Javier Ram\u00edrez.<\/p>\n<p>&nbsp;<\/p>\n<p><strong>Nuevos jefes departamentales<\/strong><\/p>\n<p><strong>Victoria:<\/strong> Comisario Mayor D. Yari Sosa<\/p>\n<p><strong>Feliciano:<\/strong> Comisario Inspector D. Gustavo Beckman<\/p>\n<p><strong>Villaguay:<\/strong> Comisario Inspector D. Miguel Retamar<\/p>\n<p><strong>San Salvador :<\/strong> Comisario Mayor D. Claudio Michel.<\/p>\n<p>&nbsp;<\/p>\n<p><strong>Subjefes<\/strong><\/p>\n<p><strong>Feliciano:<\/strong> Comisario Inspector Jos\u00e9 Luis Zagu\u00e1n<\/p>\n<p><strong>Federal :<\/strong> Comisario Inspector D. Victor Fernandez<\/p>\n<p><strong>Col\u00f3n:<\/strong> el Comisario Inspector D. Jorge Moreyra<\/p>\n<p><strong>Tala:<\/strong> Comisario Inspector D. Pedro Silva<\/p>\n<p><strong>Gualeguaych\u00fa:<\/strong> Comisario D. Inspector Luis Ba\u00e9z<\/p>\n<p><strong>Villaguay:<\/strong> Comisario Inspector Da. Mara Franc\u00e9s<\/p>\n<p><strong>Islas del Ibicuy :<\/strong> Comisario Inspector D. Mariano Vecchio y de<\/p>\n<p><strong>Paran\u00e1:<\/strong> Comisario Inspector D. Esteban Allegrini.<\/p>\n<p>&nbsp;<\/p>\n<p><strong>Retiros<\/strong><\/p>\n<p>Durante la ceremonia se entregaron reconocimientos a los comisarios generales y comisarios mayores que pasaron a retiro. Ellos son, el Comisario General Daniel Randisi, el Comisario General Walter N\u00fa\u00f1ez, el Comisario General Edgardo Corona, el comisario General Luis Aguiar; el Comisario Mayor, Gast\u00f3n Silvettti; el Comisario Mayor Javier Oertlin; el Comisario Mayor Rafael Salcedo y el Comisario Mayor Jos\u00e9 Luis Riquelme.<\/p>\n","protected":false},"excerpt":{"rendered":"<p>Se desarroll\u00f3 en la Escuela de Polic\u00eda Dr. Salvador Maci\u00e1 el acto de asunci\u00f3n de nuevas autoridades en la Plana Mayor de la Polic\u00eda. Son cuatro nuevos directores, siete subdirectores, tres nuevos jefes departamentales y nueve subjefes &nbsp; &nbsp; &nbsp; En la ma\u00f1ana de este martes se desarroll\u00f3 en la Escuela de Polic\u00eda Dr. Salvador Maci\u00e1 el acto de asunci\u00f3n de nuevas autoridades en la Plana Mayor de la Polic\u00eda. Se trata de cuatro nuevos directores, siete subdirectores, tres nuevos jefes departamentales y nueve subjefes. \u201cTodos los a\u00f1os, en virtud&#8230;<\/p>\n","protected":false},"author":3,"featured_media":97805,"comment_status":"closed","ping_status":"closed","sticky":false,"template":"","format":"standard","meta":[],"categories":[15],"tags":[],"_links":{"self":[{"href":"https:\/\/www.actualidadadiario.com\/index.php\/wp-json\/wp\/v2\/posts\/97804"}],"collection":[{"href":"https:\/\/www.actualidadadiario.com\/index.php\/wp-json\/wp\/v2\/posts"}],"about":[{"href":"https:\/\/www.actualidadadiario.com\/index.php\/wp-json\/wp\/v2\/types\/post"}],"author":[{"embeddable":true,"href":"https:\/\/www.actualidadadiario.com\/index.php\/wp-json\/wp\/v2\/users\/3"}],"replies":[{"embeddable":true,"href":"https:\/\/www.actualidadadiario.com\/index.php\/wp-json\/wp\/v2\/comments?post=97804"}],"version-history":[{"count":1,"href":"https:\/\/www.actualidadadiario.com\/index.php\/wp-json\/wp\/v2\/posts\/97804\/revisions"}],"predecessor-version":[{"id":97806,"href":"https:\/\/www.actualidadadiario.com\/index.php\/wp-json\/wp\/v2\/posts\/97804\/revisions\/97806"}],"wp:featuredmedia":[{"embeddable":true,"href":"https:\/\/www.actualidadadiario.com\/index.php\/wp-json\/wp\/v2\/media\/97805"}],"wp:attachment":[{"href":"https:\/\/www.actualidadadiario.com\/index.php\/wp-json\/wp\/v2\/media?parent=97804"}],"wp:term":[{"taxonomy":"category","embeddable":true,"href":"https:\/\/www.actualidadadiario.com\/index.php\/wp-json\/wp\/v2\/categories?post=97804"},{"taxonomy":"post_tag","embeddable":true,"href":"https:\/\/www.actualidadadiario.com\/index.php\/wp-json\/wp\/v2\/tags?post=97804"}],"curies":[{"name":"wp","href":"https:\/\/api.w.org\/{rel}","templated":true}]}}