{"id":97802,"date":"2023-02-15T15:46:10","date_gmt":"2023-02-15T18:46:10","guid":{"rendered":"https:\/\/www.actualidadadiario.com\/?p=97802"},"modified":"2023-02-15T15:46:10","modified_gmt":"2023-02-15T18:46:10","slug":"el-presupuesto-para-la-perforacion-termal-de-santa-ana-es-de-172-millones-de-pesos","status":"publish","type":"post","link":"https:\/\/www.actualidadadiario.com\/index.php\/2023\/02\/15\/el-presupuesto-para-la-perforacion-termal-de-santa-ana-es-de-172-millones-de-pesos\/","title":{"rendered":"El presupuesto para la perforaci\u00f3n termal de Santa Ana es de 172 millones de pesos"},"content":{"rendered":"<p style=\"text-align: center;\"><em><strong>En la jornada de este pasado martes, 14 de febrero, el intendente de la localidad de Santa Ana, Rogelio Zanandrea, firm\u00f3 el Decreto N\u00b016\/2023 a trav\u00e9s del cual se dispone el llamado a licitaci\u00f3n p\u00fablica para la Perforaci\u00f3n Termal<\/strong><\/em><\/p>\n<p>&nbsp;<\/p>\n<p>&nbsp;<\/p>\n<p>La apertura de sobres se realizar\u00e1 el martes 14 de marzo a las 10:00 horas, en el municipio de dicha localidad.<\/p>\n<p>En ese sentido, en la ma\u00f1ana de este mi\u00e9rcoles, manifest\u00f3: \u201cde todos los pasos que hay que dar este es uno muy importante, ya estamos en el proceso licitatorio. 172 millones de pesos es el presupuesto oficial para la mano de obra de la perforaci\u00f3n, hasta 1100 metros. Materiales y ca\u00f1os aporta el municipio\u201d.<\/p>\n<p>A su vez, dijo que en Entre R\u00edos no hay empresas que hagan este tipo de perforaci\u00f3n, por lo que se espera que se presenten empresas oriundas de Mendoza y\/o Santa Fe. \u201cSe puede presentar cualquier empresa\u201d manifest\u00f3<\/p>\n<p>Los primeros d\u00edas de abril comenzar\u00eda la perforaci\u00f3n, la misma llevar\u00eda alrededor de cuatro meses de trabajo continuo, las maquinas trabajar\u00e1n las 24 horas, habr\u00eda cuatro turnos y 16 operarios en total.<\/p>\n<p>Teniendo en cuenta que el 16 de septiembre de 2022 Zanandrea firm\u00f3 un convenio con el gobernador Gustavo Bordet, mediante el cual la provincia se compromet\u00eda a aportar 148.373.350 pesos para la mano de obra de la perforaci\u00f3n termal, el municipio local tendr\u00eda que aportar alrededor de 24 millones para llegar a la suma del presupuesto.<\/p>\n<p>Asimismo, el municipio tendr\u00e1 otros gastos como la compra de materiales, ca\u00f1os y el combustible que usar\u00e1n las m\u00e1quinas para la perforaci\u00f3n.<\/p>\n","protected":false},"excerpt":{"rendered":"<p>En la jornada de este pasado martes, 14 de febrero, el intendente de la localidad de Santa Ana, Rogelio Zanandrea, firm\u00f3 el Decreto N\u00b016\/2023 a trav\u00e9s del cual se dispone el llamado a licitaci\u00f3n p\u00fablica para la Perforaci\u00f3n Termal &nbsp; &nbsp; La apertura de sobres se realizar\u00e1 el martes 14 de marzo a las 10:00 horas, en el municipio de dicha localidad. En ese sentido, en la ma\u00f1ana de este mi\u00e9rcoles, manifest\u00f3: \u201cde todos los pasos que hay que dar este es uno muy importante, ya estamos en el proceso&#8230;<\/p>\n","protected":false},"author":3,"featured_media":84666,"comment_status":"closed","ping_status":"closed","sticky":false,"template":"","format":"standard","meta":[],"categories":[15],"tags":[],"_links":{"self":[{"href":"https:\/\/www.actualidadadiario.com\/index.php\/wp-json\/wp\/v2\/posts\/97802"}],"collection":[{"href":"https:\/\/www.actualidadadiario.com\/index.php\/wp-json\/wp\/v2\/posts"}],"about":[{"href":"https:\/\/www.actualidadadiario.com\/index.php\/wp-json\/wp\/v2\/types\/post"}],"author":[{"embeddable":true,"href":"https:\/\/www.actualidadadiario.com\/index.php\/wp-json\/wp\/v2\/users\/3"}],"replies":[{"embeddable":true,"href":"https:\/\/www.actualidadadiario.com\/index.php\/wp-json\/wp\/v2\/comments?post=97802"}],"version-history":[{"count":1,"href":"https:\/\/www.actualidadadiario.com\/index.php\/wp-json\/wp\/v2\/posts\/97802\/revisions"}],"predecessor-version":[{"id":97803,"href":"https:\/\/www.actualidadadiario.com\/index.php\/wp-json\/wp\/v2\/posts\/97802\/revisions\/97803"}],"wp:featuredmedia":[{"embeddable":true,"href":"https:\/\/www.actualidadadiario.com\/index.php\/wp-json\/wp\/v2\/media\/84666"}],"wp:attachment":[{"href":"https:\/\/www.actualidadadiario.com\/index.php\/wp-json\/wp\/v2\/media?parent=97802"}],"wp:term":[{"taxonomy":"category","embeddable":true,"href":"https:\/\/www.actualidadadiario.com\/index.php\/wp-json\/wp\/v2\/categories?post=97802"},{"taxonomy":"post_tag","embeddable":true,"href":"https:\/\/www.actualidadadiario.com\/index.php\/wp-json\/wp\/v2\/tags?post=97802"}],"curies":[{"name":"wp","href":"https:\/\/api.w.org\/{rel}","templated":true}]}}