{"id":97794,"date":"2023-02-15T15:07:28","date_gmt":"2023-02-15T18:07:28","guid":{"rendered":"https:\/\/www.actualidadadiario.com\/?p=97794"},"modified":"2023-02-15T15:07:28","modified_gmt":"2023-02-15T18:07:28","slug":"mercedes-recupera-el-color-negro-para-sus-autos-en-la-temporada-2023-de-la-formula-1","status":"publish","type":"post","link":"https:\/\/www.actualidadadiario.com\/index.php\/2023\/02\/15\/mercedes-recupera-el-color-negro-para-sus-autos-en-la-temporada-2023-de-la-formula-1\/","title":{"rendered":"Mercedes recupera el color negro para sus autos en la temporada 2023 de la F\u00f3rmula 1"},"content":{"rendered":"<p style=\"text-align: center;\"><em><strong>El equipo Mercedes present\u00f3 hoy su nuevo \u201cW14\u201d, de cara a la nueva temporada, que arrancar\u00e1 en Bahr\u00e9in en marzo pr\u00f3ximo, para el cual recuper\u00f3 el color negro para un auto que buscar\u00e1 volver a lo m\u00e1s alto en la temporada 2023 de la F\u00f3rmula 1<\/strong><\/em><\/p>\n<p>&nbsp;<\/p>\n<p>&nbsp;<\/p>\n<p>Con la presencia del jefe de equipo, Toto Wolff, y los pilotos Lewis Hamilton y George Russell (m\u00e1s el piloto de reserva, Mick Schumacher), la escuder\u00eda alemana mostr\u00f3 en una transmisi\u00f3n en su p\u00e1gina y por redes sociales el nuevo coche, que conserva -a\u00fan con las modificaciones visibles- la l\u00ednea de su predecesor, indic\u00f3 la agencia de noticias DPA.<\/p>\n<p>La novedad es la recuperaci\u00f3n del color negro -en lugar del plateado tradicional de Mercedes- que utiliz\u00f3 con notable \u00e9xito en las temporadas 2020 y 2021, cuando el brit\u00e1nico Lewis Hamilton gan\u00f3 su s\u00e9ptimo t\u00edtulo mundial y sali\u00f3 subcampe\u00f3n, respectivamente.<\/p>\n<p>Ese color negro fue utilizado por el equipo de Brackley en 2020, y lo mantuvo durante dos temporadas, para enviar un contundente mensaje contra el racismo junto a Hamilton, quien se hab\u00eda expresado en ese sentido en reiteradas ocasiones, desde que impuls\u00f3 un fuerte repudio por el asesinato de ciudadanos afroamericanos a manos de la fuerzas de seguridad en los Estados Unidos.<\/p>\n<p>Tambi\u00e9n se destaca un intento de la escuder\u00eda para acercarse a los 798 kilos de peso m\u00ednimo. Sin el plateado y el blanco del modelo anterior, ahora se observa la fibra de carbono y el color negro mate de la parte posterior del auto y de la zona que cubre el motor.<\/p>\n<p>\u201cHemos tratado de averiguar por d\u00f3nde podemos exprimir cada gramo. Y tambi\u00e9n es cierto que el color negro se convirti\u00f3 en 2020 en parte de nuestro ADN, por lo que nos complace volver a \u00e9l\u201d, reconoci\u00f3 \u201cToto\u201d Wolff en la presentaci\u00f3n.<\/p>\n<p>En cuanto al nuevo auto con el cual Mercedes buscar\u00e1 recuperar el lugar de liderazgo de a\u00f1os atr\u00e1s, la escuder\u00eda inform\u00f3 que \u201cse mantiene el concepto fundamental del W13\u201d, al tiempo que explic\u00f3 que el nuevo W14 \u201cintroduce una combinaci\u00f3n de cambios notables\u201d, como las mejoras en la suspensi\u00f3n delantera.<\/p>\n<p>\u201cNuestras esperanzas y expectativas son siempre ser capaces de luchar por un Campeonato del Mundo. Sin embargo, nuestros competidores se mostraron muy fuertes el a\u00f1o pasado, y estamos buscando ponernos al d\u00eda\u201d, afirm\u00f3 el jefe Wolff, quien reiter\u00f3 que competir por el t\u00edtulo \u201crequiere resistencia, trabajo en equipo y determinaci\u00f3n\u201d.<\/p>\n<p>Hamilton, por su parte, dijo que forma parte del equipo \u201cdesde hace m\u00e1s de una d\u00e9cada, y el esfuerzo de todos no deja de sorprenderme. Ver la evoluci\u00f3n y los cambios que se han hecho es fascinante. Hemos redise\u00f1ado, optimizado e innovado muchas partes del auto y eso es impresionante. Y me encanta la nueva decoraci\u00f3n. Vamos en serio&#8217;\u201d en esta temporada, agreg\u00f3.<\/p>\n","protected":false},"excerpt":{"rendered":"<p>El equipo Mercedes present\u00f3 hoy su nuevo \u201cW14\u201d, de cara a la nueva temporada, que arrancar\u00e1 en Bahr\u00e9in en marzo pr\u00f3ximo, para el cual recuper\u00f3 el color negro para un auto que buscar\u00e1 volver a lo m\u00e1s alto en la temporada 2023 de la F\u00f3rmula 1 &nbsp; &nbsp; Con la presencia del jefe de equipo, Toto Wolff, y los pilotos Lewis Hamilton y George Russell (m\u00e1s el piloto de reserva, Mick Schumacher), la escuder\u00eda alemana mostr\u00f3 en una transmisi\u00f3n en su p\u00e1gina y por redes sociales el nuevo coche, que&#8230;<\/p>\n","protected":false},"author":3,"featured_media":97748,"comment_status":"closed","ping_status":"closed","sticky":false,"template":"","format":"standard","meta":[],"categories":[4],"tags":[],"_links":{"self":[{"href":"https:\/\/www.actualidadadiario.com\/index.php\/wp-json\/wp\/v2\/posts\/97794"}],"collection":[{"href":"https:\/\/www.actualidadadiario.com\/index.php\/wp-json\/wp\/v2\/posts"}],"about":[{"href":"https:\/\/www.actualidadadiario.com\/index.php\/wp-json\/wp\/v2\/types\/post"}],"author":[{"embeddable":true,"href":"https:\/\/www.actualidadadiario.com\/index.php\/wp-json\/wp\/v2\/users\/3"}],"replies":[{"embeddable":true,"href":"https:\/\/www.actualidadadiario.com\/index.php\/wp-json\/wp\/v2\/comments?post=97794"}],"version-history":[{"count":1,"href":"https:\/\/www.actualidadadiario.com\/index.php\/wp-json\/wp\/v2\/posts\/97794\/revisions"}],"predecessor-version":[{"id":97795,"href":"https:\/\/www.actualidadadiario.com\/index.php\/wp-json\/wp\/v2\/posts\/97794\/revisions\/97795"}],"wp:featuredmedia":[{"embeddable":true,"href":"https:\/\/www.actualidadadiario.com\/index.php\/wp-json\/wp\/v2\/media\/97748"}],"wp:attachment":[{"href":"https:\/\/www.actualidadadiario.com\/index.php\/wp-json\/wp\/v2\/media?parent=97794"}],"wp:term":[{"taxonomy":"category","embeddable":true,"href":"https:\/\/www.actualidadadiario.com\/index.php\/wp-json\/wp\/v2\/categories?post=97794"},{"taxonomy":"post_tag","embeddable":true,"href":"https:\/\/www.actualidadadiario.com\/index.php\/wp-json\/wp\/v2\/tags?post=97794"}],"curies":[{"name":"wp","href":"https:\/\/api.w.org\/{rel}","templated":true}]}}