{"id":97780,"date":"2023-02-15T15:04:00","date_gmt":"2023-02-15T18:04:00","guid":{"rendered":"https:\/\/www.actualidadadiario.com\/?p=97780"},"modified":"2023-02-15T15:04:00","modified_gmt":"2023-02-15T18:04:00","slug":"alberto-fernandez-se-reunio-con-sergio-massa-en-casa-rosada","status":"publish","type":"post","link":"https:\/\/www.actualidadadiario.com\/index.php\/2023\/02\/15\/alberto-fernandez-se-reunio-con-sergio-massa-en-casa-rosada\/","title":{"rendered":"Alberto Fern\u00e1ndez se reuni\u00f3 con Sergio Massa en Casa Rosada"},"content":{"rendered":"<p style=\"text-align: center;\"><em><strong>El ministro de Econom\u00eda lleg\u00f3 pasadas las 11.15 para reunirse junto al Presidente y un grupo de propietarios de bodegas para analizar el r\u00e9gimen vitivin\u00edcola<\/strong><\/em><\/p>\n<p>&nbsp;<\/p>\n<p>&nbsp;<\/p>\n<p>&nbsp;<\/p>\n<p>El presidente Alberto Fern\u00e1ndez recibi\u00f3 a su ministro de Econom\u00eda, Sergio Massa, el d\u00eda despu\u00e9s de que el INDEC haya revelado que la inflaci\u00f3n de enero fue del 6%. Lo hizo en el marco de una reuni\u00f3n que ambos mantuvieron con un grupo de propietarios de bodegas nacionales con quienes analizaron el r\u00e9gimen vitivin\u00edcola.<\/p>\n<p>Pasadas las 11.15, el titular del Palacio de Hacienda atraves\u00f3 el sal\u00f3n de los bustos de Casa Rosada y se encamin\u00f3 rumbo al despacho del mandatario.<\/p>\n<p>Hasta el momento, no trascendieron mayores detalles del encuentro que tiene a dos de los referentes del Frente de Todos como protagonistas. Se trata de representantes de Bodegas de Argentina que eval\u00faan una inversi\u00f3n, aunque la reuni\u00f3n no figuraba en la agenda.<\/p>\n<p>El intercambio surge un d\u00eda despu\u00e9s de que el INDEC haya oficializado que la inflaci\u00f3n de enero fue del 6%, con el saldo de una acumulada de 98.8%, y un d\u00eda antes de la Mesa del Frente de Todos que tendr\u00e1 lugar a las 19 en la sede porte\u00f1a del Partido Justicialista (PJ) Nacional.<\/p>\n<p>Desde el Ministerio de Econom\u00eda explicaron que la cifra responde a un salto puntual y desestimaron que se tratase de una tendencia de largo plazo. Durante los \u00faltimos d\u00edas, Massa anticip\u00f3 que se esperan nuevas medidas tanto macro como micro para seguir peleando contra la inflaci\u00f3n.<\/p>\n<p>Minutos antes de las 12, hizo su ingreso a Rosada el flamante jefe de ministros, Agust\u00edn Rossi, quien asumir\u00e1 formalmente hoy tras la salida de Juan Manzur en un acto que cuenta con -hasta el momento- alrededor de 400 invitados.<\/p>\n<p>Vest\u00eda una camisa rosa, sin corbata, y se dirigi\u00f3 a los despachos de Manzur y del vicejefe de Gabinete, Juan Manuel Olmos. Seg\u00fan se supo, se trat\u00f3 de una reuni\u00f3n protocolar breve y operativa, &#8220;de traspaso&#8221; lo calificaron fuentes de Gobierno.<\/p>\n","protected":false},"excerpt":{"rendered":"<p>El ministro de Econom\u00eda lleg\u00f3 pasadas las 11.15 para reunirse junto al Presidente y un grupo de propietarios de bodegas para analizar el r\u00e9gimen vitivin\u00edcola &nbsp; &nbsp; &nbsp; El presidente Alberto Fern\u00e1ndez recibi\u00f3 a su ministro de Econom\u00eda, Sergio Massa, el d\u00eda despu\u00e9s de que el INDEC haya revelado que la inflaci\u00f3n de enero fue del 6%. Lo hizo en el marco de una reuni\u00f3n que ambos mantuvieron con un grupo de propietarios de bodegas nacionales con quienes analizaron el r\u00e9gimen vitivin\u00edcola. Pasadas las 11.15, el titular del Palacio de&#8230;<\/p>\n","protected":false},"author":3,"featured_media":97781,"comment_status":"closed","ping_status":"closed","sticky":false,"template":"","format":"standard","meta":[],"categories":[18],"tags":[],"_links":{"self":[{"href":"https:\/\/www.actualidadadiario.com\/index.php\/wp-json\/wp\/v2\/posts\/97780"}],"collection":[{"href":"https:\/\/www.actualidadadiario.com\/index.php\/wp-json\/wp\/v2\/posts"}],"about":[{"href":"https:\/\/www.actualidadadiario.com\/index.php\/wp-json\/wp\/v2\/types\/post"}],"author":[{"embeddable":true,"href":"https:\/\/www.actualidadadiario.com\/index.php\/wp-json\/wp\/v2\/users\/3"}],"replies":[{"embeddable":true,"href":"https:\/\/www.actualidadadiario.com\/index.php\/wp-json\/wp\/v2\/comments?post=97780"}],"version-history":[{"count":1,"href":"https:\/\/www.actualidadadiario.com\/index.php\/wp-json\/wp\/v2\/posts\/97780\/revisions"}],"predecessor-version":[{"id":97782,"href":"https:\/\/www.actualidadadiario.com\/index.php\/wp-json\/wp\/v2\/posts\/97780\/revisions\/97782"}],"wp:featuredmedia":[{"embeddable":true,"href":"https:\/\/www.actualidadadiario.com\/index.php\/wp-json\/wp\/v2\/media\/97781"}],"wp:attachment":[{"href":"https:\/\/www.actualidadadiario.com\/index.php\/wp-json\/wp\/v2\/media?parent=97780"}],"wp:term":[{"taxonomy":"category","embeddable":true,"href":"https:\/\/www.actualidadadiario.com\/index.php\/wp-json\/wp\/v2\/categories?post=97780"},{"taxonomy":"post_tag","embeddable":true,"href":"https:\/\/www.actualidadadiario.com\/index.php\/wp-json\/wp\/v2\/tags?post=97780"}],"curies":[{"name":"wp","href":"https:\/\/api.w.org\/{rel}","templated":true}]}}