{"id":97777,"date":"2023-02-15T15:03:23","date_gmt":"2023-02-15T18:03:23","guid":{"rendered":"https:\/\/www.actualidadadiario.com\/?p=97777"},"modified":"2023-02-15T15:03:23","modified_gmt":"2023-02-15T18:03:23","slug":"juntos-por-el-cambio-puede-romperse-en-mendoza-y-agudiza-la-interna-pro-entre-larreta-y-bullrich-macri","status":"publish","type":"post","link":"https:\/\/www.actualidadadiario.com\/index.php\/2023\/02\/15\/juntos-por-el-cambio-puede-romperse-en-mendoza-y-agudiza-la-interna-pro-entre-larreta-y-bullrich-macri\/","title":{"rendered":"Juntos por el Cambio puede romperse en Mendoza y agudiza la interna PRO entre Larreta y Bullrich-Macri"},"content":{"rendered":"<p style=\"text-align: center;\"><em><strong>El diputado del PRO Omar De Marchi calific\u00f3 como &#8220;anticipado y forzado&#8221; al lanzamiento del radical Alfredo Cornejo como prencandidato a gobernador de Mendoza por JXC y no definir\u00e1 si rompe o no la unidad de Cambia antes del 12 de abril. Coletazo de la tensi\u00f3n entre Larreta y Macri-Bullrich<\/strong><\/em><\/p>\n<p>&nbsp;<\/p>\n<p>&nbsp;<\/p>\n<p>Juntos por el Cambio podr\u00eda romperse en Mendoza no s\u00f3lo por las diferencias entre la UCR, que gobierna la provincia, y el PRO, sino y fundamentalmente por la interna interminable que atraviesa este \u00faltimo partido entre el sector &#8220;halc\u00f3n&#8221; de Mauricio Macri y Patricia Bullrich y el ala &#8220;paloma&#8221; que encabeza Horacio Rodr\u00edguez Larreta.<\/p>\n<p>La novedad es que luego del reciente pero precoz lanzamiento del senador nacional radical Alfredo Cornejo a la precandidatura a la Gobernaci\u00f3n de Mendoza por Juntos por el Cambio, el diputado nacional por el PRO Omar De Marchi critic\u00f3 a su par por &#8220;anticipado y forzado&#8221; y anunci\u00f3 que aguardar\u00e1 hasta el 12 de abril pr\u00f3ximo para definir su futuro electoral, que podr\u00eda apartarlo del frente Cambia Mendoza y hacerlo competir por afuera.<\/p>\n<p>Este conflicto mendocino se presenta como una disputa entre dos socios de JXC, pero es en realidad un coletazo de la cruda interna que existe en uno de los socios, el PRO, y adem\u00e1s no s\u00f3lo no es local sino que se origina a la vez que se traslada a lo nacional.<\/p>\n<p>Es que independientemente de que Cornejo es radical y ya gobern\u00f3 Mendoza, la actualidad lo encuentra como aliado de Bullrich al punto de que su nombre son\u00f3 como posible integrante de una f\u00f3rmula electoral con la ex ministra de Seguridad y titular del PRO. En cambio, De Marchi es el armador nacional de la campa\u00f1a \u201cLarreta 2023\u201d.<\/p>\n<p>La fecha que se puso como l\u00edmite De Marchi para decidir si se baja, compite en internas con Cornejo en Cambia Mendoza o si va por afuera tiene que ver con lo resuelto por el gobernador Rodolfo Su\u00e1rez, tambi\u00e9n radical, de que las elecciones generales de ese distrito se desarrollen el 24 de septiembre pr\u00f3ximo, mientras que las PASO a nivel provincial sean el 11 de junio y el plazo de cierre, el 12 de abril.<\/p>\n<p>La tensi\u00f3n por lo que sucede en Mendoza protagoniz\u00f3 el encuentro de la mesa nacional del PRO que se realiz\u00f3 el martes pasado. All\u00ed, Macri, Larreta y Bullrich se cruzaron por el tema y tuvieron una \u201cmala reuni\u00f3n\u201d y no consiguieron encontrar una salida al conflicto.<\/p>\n<p>Macri dijo que lo de De Marchi, integrante de su propio partido, es una \u201cjugada peligrosa\u201d que puede romper la coalici\u00f3n local y advirti\u00f3 por las consecuencias que eso podr\u00eda tener a nivel nacional. Larreta, en cambio, llam\u00f3 a \u201crespetar el federalismo&#8221;.<\/p>\n<p>Es casi un hecho que De Marchi no ir\u00e1 a una interna con Cornejo. Entonces, la duda es si competir\u00e1 por fuera o, acuerdo mediante, se bajar\u00e1. En el Zoom PRO, al tomar Macri la palabra y referirse a lo que ocurre en la provincia, advirti\u00f3 que si el hombre de su partido compite con la UCR por afuera podr\u00eda afectar seriamente la unidad a nivel nacional.<\/p>\n<p>\u201cEstamos dilatando la decisi\u00f3n. Sabemos que ni De Marchi ni Cornejo se van a poner de acuerdo y esto traer\u00e1 mayores consecuencias en Juntos por el Cambio\u201d, alert\u00f3 Macri, mostr\u00e1ndose as\u00ed, como siempre, cerca de la postura de Bullrich de tener una pronta decisi\u00f3n al respecto y no del lado de Larreta.<\/p>\n<p>Justamente la fecha de una definici\u00f3n para la crisis mendocina es uno de los puntos m\u00e1s urgentes: desde el sector de Cornejo aseguran que en la mesa nacional de JXC fue Bullrich quien, como presidenta del PRO, prometi\u00f3 una respuesta para el 15 de febrero, o sea hoy, o a m\u00e1s tardar el 22 del mismo mes.<\/p>\n<p>En cambio, el larretismo hizo trascender a medios que mejor \u201cno comprar la ansiedad radical\u201d porque la fecha que quieren imponer es &#8220;antojadiza\u201d. Se basan en que la fecha formal de cierre es el 12 de abril, que es lo que hoy blanque\u00f3 que esperar\u00e1 De Marchi. Claramente la interna y el rol de cada sector es expl\u00edcito. Larreta busca hacer tiempo y meterle presi\u00f3n a los socios radicales mendocinos de su adversaria interna, Bullrich, quien a su vez conseguir\u00eda debilitar al jefe de Gobierno porte\u00f1o si su delf\u00edn debe dar un paso al costado.<\/p>\n<p>La situaci\u00f3n en Mendoza de cara a las elecciones tiene una caracter\u00edstica particular que la diferencia de las rupturas cambiemitas en Neuqu\u00e9n y R\u00edo Negro, e incluso del caso La Pampa. Es que en la provincia cuyana gobierna la UCR, mientras que en las tres mencionadas no gestiona nadie de JXC. Por eso es que la manera en que act\u00fae el PRO puede desembocar en una crisis contagiosa y en la rebeli\u00f3n correligionaria.<\/p>\n<p>De Marchi y Cornejo no tienen di\u00e1logo hace m\u00e1s de un a\u00f1o y se tiran con todo lo que tienen a mano. El dirigente PRO larretista dice que el senador radical aliado de Bullrich es parte de un espacio integrado por sectores vinculados al kirchnerismo, como el Frente Renovador y de Libres del Sur. Es justamente la acusaci\u00f3n que la ex ministra de Macri dice que m\u00e1s le duele. Desde el lado del ex mandatario radical advierten que el diputado s\u00f3lo gan\u00f3 algo cuando tuvo a Cornejo en la lista.<\/p>\n<p>&#8220;Vi un lanzamiento muy forzado e inoportuno, aparte de contradictorio respecto a lo que se viene diciendo&#8221;, dijo De Marchi en declaraciones a la prensa en las \u00faltimas horas.<\/p>\n<p>Es as\u00ed que reiter\u00f3 que el plazo para su definici\u00f3n &#8220;vence el 12 de abril&#8221; y no hoy, 15 de febrero, fecha que el radicalismo le impuso al PRO l\u00ednea Bullrich para resolver si contin\u00faa en Cambia Mendoza (CM) de cara a las elecciones de este a\u00f1o, plazo que tambi\u00e9n rige para el resto de los partidos que quieran integrar el frente.<\/p>\n<p>&#8220;Hemos escuchado al gobernador decir muchas veces: no se habla de pol\u00edtica; estamos con la gesti\u00f3n. Y de repente van, arman una conferencia de prensa y anuncian a un candidato. Cuando faltan dos meses para la construcci\u00f3n de frentes y cuatro para la elecci\u00f3n. Fue muy poco espont\u00e1neo. De verdad, forzado&#8221;, critic\u00f3 el l\u00edder mendocino del PRO.<\/p>\n<p>Finalmente, De Marchi dijo que &#8220;en el PRO estamos muy concentrados en desarrollar un plan de gobierno, no en la especulaci\u00f3n de la rosca, de los frentes, o de los no frentes. Estamos buscando un camino para desarrollar Mendoza y eso ocupa nuestro tiempo&#8221;.<\/p>\n","protected":false},"excerpt":{"rendered":"<p>El diputado del PRO Omar De Marchi calific\u00f3 como &#8220;anticipado y forzado&#8221; al lanzamiento del radical Alfredo Cornejo como prencandidato a gobernador de Mendoza por JXC y no definir\u00e1 si rompe o no la unidad de Cambia antes del 12 de abril. Coletazo de la tensi\u00f3n entre Larreta y Macri-Bullrich &nbsp; &nbsp; Juntos por el Cambio podr\u00eda romperse en Mendoza no s\u00f3lo por las diferencias entre la UCR, que gobierna la provincia, y el PRO, sino y fundamentalmente por la interna interminable que atraviesa este \u00faltimo partido entre el sector&#8230;<\/p>\n","protected":false},"author":3,"featured_media":97778,"comment_status":"closed","ping_status":"closed","sticky":false,"template":"","format":"standard","meta":[],"categories":[18],"tags":[],"_links":{"self":[{"href":"https:\/\/www.actualidadadiario.com\/index.php\/wp-json\/wp\/v2\/posts\/97777"}],"collection":[{"href":"https:\/\/www.actualidadadiario.com\/index.php\/wp-json\/wp\/v2\/posts"}],"about":[{"href":"https:\/\/www.actualidadadiario.com\/index.php\/wp-json\/wp\/v2\/types\/post"}],"author":[{"embeddable":true,"href":"https:\/\/www.actualidadadiario.com\/index.php\/wp-json\/wp\/v2\/users\/3"}],"replies":[{"embeddable":true,"href":"https:\/\/www.actualidadadiario.com\/index.php\/wp-json\/wp\/v2\/comments?post=97777"}],"version-history":[{"count":1,"href":"https:\/\/www.actualidadadiario.com\/index.php\/wp-json\/wp\/v2\/posts\/97777\/revisions"}],"predecessor-version":[{"id":97779,"href":"https:\/\/www.actualidadadiario.com\/index.php\/wp-json\/wp\/v2\/posts\/97777\/revisions\/97779"}],"wp:featuredmedia":[{"embeddable":true,"href":"https:\/\/www.actualidadadiario.com\/index.php\/wp-json\/wp\/v2\/media\/97778"}],"wp:attachment":[{"href":"https:\/\/www.actualidadadiario.com\/index.php\/wp-json\/wp\/v2\/media?parent=97777"}],"wp:term":[{"taxonomy":"category","embeddable":true,"href":"https:\/\/www.actualidadadiario.com\/index.php\/wp-json\/wp\/v2\/categories?post=97777"},{"taxonomy":"post_tag","embeddable":true,"href":"https:\/\/www.actualidadadiario.com\/index.php\/wp-json\/wp\/v2\/tags?post=97777"}],"curies":[{"name":"wp","href":"https:\/\/api.w.org\/{rel}","templated":true}]}}