{"id":97774,"date":"2023-02-15T15:02:44","date_gmt":"2023-02-15T18:02:44","guid":{"rendered":"https:\/\/www.actualidadadiario.com\/?p=97774"},"modified":"2023-02-15T15:02:44","modified_gmt":"2023-02-15T18:02:44","slug":"agustin-rossi-asume-este-miercoles-como-jefe-de-gabinete","status":"publish","type":"post","link":"https:\/\/www.actualidadadiario.com\/index.php\/2023\/02\/15\/agustin-rossi-asume-este-miercoles-como-jefe-de-gabinete\/","title":{"rendered":"Agust\u00edn Rossi asume este mi\u00e9rcoles como jefe de Gabinete"},"content":{"rendered":"<p style=\"text-align: center;\"><em><strong>Alberto Fern\u00e1ndez le toma juramento este mi\u00e9rcoles al dirigente santafesino en el Museo Bicentenario de la Casa Rosada<\/strong><\/em><\/p>\n<p>&nbsp;<\/p>\n<p>&nbsp;<\/p>\n<p>El presidente Alberto Fern\u00e1ndez le tomar\u00e1 este mi\u00e9rcoles juramento como nuevo jefe de Gabinete a Agust\u00edn Rossi, quien asumir\u00e1 el cargo en reemplazo de Juan Manzur, y posteriormente encabezar\u00e1 una inauguraci\u00f3n en el partido bonaerense de Florencio Varela.<\/p>\n<p>La nueva designaci\u00f3n al saliente titular de la Agencia Federal de Inteligencia (AFI) corona una relaci\u00f3n de confianza entre ambos y que se enmarca en una etapa en la que el primer mandatario busca poner en valor lo realizado durante su gesti\u00f3n y consolidar el di\u00e1logo pol\u00edtico interno de cara a las elecciones de este a\u00f1o.<\/p>\n<p>El acto de asunci\u00f3n de Rossi ser\u00e1 a las 16.30 en el Museo del Bicentenario de la Casa Rosada, inform\u00f3 Presidencia en un comunicado.<\/p>\n<p>Luego, a las 18.30, el mandatario inaugurar\u00e1 en Florencio Varela el nuevo edificio del Instituto de Ciencias de la Salud de la Universidad Nacional Arturo Jauretche (UNAJ), acompa\u00f1ado de los ministros Jaime Perczyk y Gabriel Katopodis, de Educaci\u00f3n y Obras P\u00fablicas, respectivamente; el intendente local, Andr\u00e9s Watson, y el rector de esa casa de altos estudios Arnaldo Medina.<\/p>\n","protected":false},"excerpt":{"rendered":"<p>Alberto Fern\u00e1ndez le toma juramento este mi\u00e9rcoles al dirigente santafesino en el Museo Bicentenario de la Casa Rosada &nbsp; &nbsp; El presidente Alberto Fern\u00e1ndez le tomar\u00e1 este mi\u00e9rcoles juramento como nuevo jefe de Gabinete a Agust\u00edn Rossi, quien asumir\u00e1 el cargo en reemplazo de Juan Manzur, y posteriormente encabezar\u00e1 una inauguraci\u00f3n en el partido bonaerense de Florencio Varela. La nueva designaci\u00f3n al saliente titular de la Agencia Federal de Inteligencia (AFI) corona una relaci\u00f3n de confianza entre ambos y que se enmarca en una etapa en la que el primer&#8230;<\/p>\n","protected":false},"author":3,"featured_media":97775,"comment_status":"closed","ping_status":"closed","sticky":false,"template":"","format":"standard","meta":[],"categories":[18],"tags":[],"_links":{"self":[{"href":"https:\/\/www.actualidadadiario.com\/index.php\/wp-json\/wp\/v2\/posts\/97774"}],"collection":[{"href":"https:\/\/www.actualidadadiario.com\/index.php\/wp-json\/wp\/v2\/posts"}],"about":[{"href":"https:\/\/www.actualidadadiario.com\/index.php\/wp-json\/wp\/v2\/types\/post"}],"author":[{"embeddable":true,"href":"https:\/\/www.actualidadadiario.com\/index.php\/wp-json\/wp\/v2\/users\/3"}],"replies":[{"embeddable":true,"href":"https:\/\/www.actualidadadiario.com\/index.php\/wp-json\/wp\/v2\/comments?post=97774"}],"version-history":[{"count":1,"href":"https:\/\/www.actualidadadiario.com\/index.php\/wp-json\/wp\/v2\/posts\/97774\/revisions"}],"predecessor-version":[{"id":97776,"href":"https:\/\/www.actualidadadiario.com\/index.php\/wp-json\/wp\/v2\/posts\/97774\/revisions\/97776"}],"wp:featuredmedia":[{"embeddable":true,"href":"https:\/\/www.actualidadadiario.com\/index.php\/wp-json\/wp\/v2\/media\/97775"}],"wp:attachment":[{"href":"https:\/\/www.actualidadadiario.com\/index.php\/wp-json\/wp\/v2\/media?parent=97774"}],"wp:term":[{"taxonomy":"category","embeddable":true,"href":"https:\/\/www.actualidadadiario.com\/index.php\/wp-json\/wp\/v2\/categories?post=97774"},{"taxonomy":"post_tag","embeddable":true,"href":"https:\/\/www.actualidadadiario.com\/index.php\/wp-json\/wp\/v2\/tags?post=97774"}],"curies":[{"name":"wp","href":"https:\/\/api.w.org\/{rel}","templated":true}]}}