{"id":97769,"date":"2023-02-15T15:01:13","date_gmt":"2023-02-15T18:01:13","guid":{"rendered":"https:\/\/www.actualidadadiario.com\/?p=97769"},"modified":"2023-02-15T15:01:13","modified_gmt":"2023-02-15T18:01:13","slug":"juan-manzur-acompane-al-presidente-de-la-nacion-con-todo-lo-que-pude","status":"publish","type":"post","link":"https:\/\/www.actualidadadiario.com\/index.php\/2023\/02\/15\/juan-manzur-acompane-al-presidente-de-la-nacion-con-todo-lo-que-pude\/","title":{"rendered":"Juan Manzur: &#8220;Acompa\u00f1\u00e9 al Presidente de la Naci\u00f3n con todo lo que pude&#8221;"},"content":{"rendered":"<p style=\"text-align: center;\"><em><strong>El saliente jefe de Gabinete dijo que s\u00f3lo tiene palabras de agradecimiento para todo el equipo de Alberto Fern\u00e1ndez. Dijo que le espera un arduo trabajo en su regreso a la provincia de Tucum\u00e1n, donde reasumir\u00e1 como gobernador para luego sumarse a la campa\u00f1a de Osvaldo Jaldo<\/strong><\/em><\/p>\n<p>&nbsp;<\/p>\n<p>&nbsp;<\/p>\n<p>El saliente jefe de Gabinete y desde este jueves nuevamente gobernador de Tucum\u00e1n, Juan Manzur, expres\u00f3 estar &#8220;satisfecho&#8221; por &#8220;haber acompa\u00f1ado&#8221; al presidente Alberto Fern\u00e1ndez con todo lo que pudo durante el a\u00f1o y medio que integr\u00f3 el gabinete nacional.<\/p>\n<p>&#8220;Acompa\u00f1\u00e9 al Presidente de la Naci\u00f3n con todo lo que pude. Realmente solo tengo palabras de agradecimiento para todo el equipo, ministros y secretarios de la Naci\u00f3n&#8221;, dijo Manzur al ingresar esta ma\u00f1ana a la Casa Rosada.<\/p>\n<p>&#8220;Son hombres y mujeres de primer\u00edsimo nivel con una gran vocaci\u00f3n de servicio, t\u00e9cnicamente impecables. Por eso, solo decirles gracias por ayudarme y acompa\u00f1arme, y por toda la tarea que vienen haciendo&#8221;, dijo Manzur, quien asumi\u00f3 en la jefatura de Gabinete el 20 de setiembre de 2021 este jueves reasumir\u00e1 como gobernador de Tucum\u00e1n, cargo para el que hab\u00eda pedido licencia para asumir como jefe de Gabinete.<\/p>\n<p>Manzur tambi\u00e9n envi\u00f3 un &#8220;saludo especial&#8221; para los periodistas de Sala de Periodistas de la Casa Rosada.<\/p>\n<p>&#8220;Gracias por la tarea que hacen, por informar a diario de la la actividad del Gobierno. Para todos los periodistas acreditados simplemente gracias por todo lo que vienen haciendo&#8221;, expres\u00f3.<\/p>\n<p>&nbsp;<\/p>\n<p><strong>El regreso a Tucum\u00e1n <\/strong><\/p>\n<p>Sobre su regreso a la provincia de Tucum\u00e1n, de cara a las elecciones provinciales del 14 de mayo pr\u00f3ximo, Manzur dijo que lo espera un &#8220;trabajo arduo&#8221; en el marco de la campa\u00f1a electoral.<\/p>\n<p>Para los comicios del 14 de mayo, el Frente de Todos en Tucum\u00e1n postular\u00e1 al actual vicegobernador Osvaldo Jaldo como candidato a gobernador y Manzur lo acompa\u00f1ar\u00e1 en la f\u00f3rmula como vicegobernador.<\/p>\n<p>El lunes, cuando desde el gobierno se comunic\u00f3 oficialmente que Agust\u00edn Rossi ser\u00e1 el reemplazante de Manzur en la jefatura de Gabinete, el Presidente le agradeci\u00f3 al tucumano &#8220;su gesti\u00f3n, su compromiso y el apoyo pol\u00edtico y personal que permanentemente le ha brindado y que es rec\u00edproco&#8221;.<\/p>\n<p>Este mi\u00e9rcoles a las 16.30, Alberto Fern\u00e1ndez le tomar\u00e1 juramento a Rossi en un acto que se desarrollar\u00e1 en el Museo del Bicentenario, con la presencia de todo el gabinete nacional.<\/p>\n","protected":false},"excerpt":{"rendered":"<p>El saliente jefe de Gabinete dijo que s\u00f3lo tiene palabras de agradecimiento para todo el equipo de Alberto Fern\u00e1ndez. Dijo que le espera un arduo trabajo en su regreso a la provincia de Tucum\u00e1n, donde reasumir\u00e1 como gobernador para luego sumarse a la campa\u00f1a de Osvaldo Jaldo &nbsp; &nbsp; El saliente jefe de Gabinete y desde este jueves nuevamente gobernador de Tucum\u00e1n, Juan Manzur, expres\u00f3 estar &#8220;satisfecho&#8221; por &#8220;haber acompa\u00f1ado&#8221; al presidente Alberto Fern\u00e1ndez con todo lo que pudo durante el a\u00f1o y medio que integr\u00f3 el gabinete nacional. &#8220;Acompa\u00f1\u00e9&#8230;<\/p>\n","protected":false},"author":3,"featured_media":97770,"comment_status":"closed","ping_status":"closed","sticky":false,"template":"","format":"standard","meta":[],"categories":[18],"tags":[],"_links":{"self":[{"href":"https:\/\/www.actualidadadiario.com\/index.php\/wp-json\/wp\/v2\/posts\/97769"}],"collection":[{"href":"https:\/\/www.actualidadadiario.com\/index.php\/wp-json\/wp\/v2\/posts"}],"about":[{"href":"https:\/\/www.actualidadadiario.com\/index.php\/wp-json\/wp\/v2\/types\/post"}],"author":[{"embeddable":true,"href":"https:\/\/www.actualidadadiario.com\/index.php\/wp-json\/wp\/v2\/users\/3"}],"replies":[{"embeddable":true,"href":"https:\/\/www.actualidadadiario.com\/index.php\/wp-json\/wp\/v2\/comments?post=97769"}],"version-history":[{"count":1,"href":"https:\/\/www.actualidadadiario.com\/index.php\/wp-json\/wp\/v2\/posts\/97769\/revisions"}],"predecessor-version":[{"id":97771,"href":"https:\/\/www.actualidadadiario.com\/index.php\/wp-json\/wp\/v2\/posts\/97769\/revisions\/97771"}],"wp:featuredmedia":[{"embeddable":true,"href":"https:\/\/www.actualidadadiario.com\/index.php\/wp-json\/wp\/v2\/media\/97770"}],"wp:attachment":[{"href":"https:\/\/www.actualidadadiario.com\/index.php\/wp-json\/wp\/v2\/media?parent=97769"}],"wp:term":[{"taxonomy":"category","embeddable":true,"href":"https:\/\/www.actualidadadiario.com\/index.php\/wp-json\/wp\/v2\/categories?post=97769"},{"taxonomy":"post_tag","embeddable":true,"href":"https:\/\/www.actualidadadiario.com\/index.php\/wp-json\/wp\/v2\/tags?post=97769"}],"curies":[{"name":"wp","href":"https:\/\/api.w.org\/{rel}","templated":true}]}}