{"id":97763,"date":"2023-02-15T14:59:46","date_gmt":"2023-02-15T17:59:46","guid":{"rendered":"https:\/\/www.actualidadadiario.com\/?p=97763"},"modified":"2023-02-15T14:59:46","modified_gmt":"2023-02-15T17:59:46","slug":"elecciones-2023-todas-las-fechas-importantes-de-cara-a-las-paso","status":"publish","type":"post","link":"https:\/\/www.actualidadadiario.com\/index.php\/2023\/02\/15\/elecciones-2023-todas-las-fechas-importantes-de-cara-a-las-paso\/","title":{"rendered":"Elecciones 2023: todas las fechas importantes de cara a las PASO"},"content":{"rendered":"<p style=\"text-align: center;\"><em><strong>En las elecciones generales de octubre se decidir\u00e1n presidente, vicepresidente, 130 diputados y 24 senadores. La primera instancia ser\u00e1 con las PASO en agosto, mientras que junio es el mes l\u00edmite para presentar candidatos<\/strong><\/em><\/p>\n<p>&nbsp;<\/p>\n<p>&nbsp;<\/p>\n<p>&nbsp;<\/p>\n<p>La danza de nombres para competir en las elecciones presidenciales Argentina 2023 ya empez\u00f3. Mientras que el oficialismo se prepara para la primera reuni\u00f3n de la mesa pol\u00edtica del Frente de Todos (FdT) que tendr\u00e1 lugar el pr\u00f3ximo jueves, las internas tambi\u00e9n llegan a Juntos por el Cambio donde hay m\u00e1s de un aspirante a ocupar el &#8220;Sill\u00f3n de Rivadavia&#8221;. De todos modos, los partidos pol\u00edticos tienen fecha l\u00edmite para acordar, presentar las listas y arrancar oficialmente la campa\u00f1a.<\/p>\n<p>En 2023 tambi\u00e9n se celebran los 40 a\u00f1os ininterrumpidos de democracia, una jornada que se festejar\u00e1 junto con la asunci\u00f3n del nuevo presidente o presidenta el pr\u00f3ximo 10 de diciembre.<\/p>\n<p>Si bien, la C\u00e1mara Nacional Electoral no confirm\u00f3 el cronograma electoral para este a\u00f1o, a partir de la legislaci\u00f3n ya se pueden conocer las fechas m\u00e1s importantes.<\/p>\n<p>El calendario electoral 2023 arranc\u00f3 con las primarias no obligatorias para gobernador de La Pampa donde se impuso el radical Mart\u00edn Berhongaray frente a Mart\u00edn Maquieyra del PRO, dentro de la interna de JxC.<\/p>\n<p>&nbsp;<\/p>\n<p><strong>Cu\u00e1ndo son las elecciones 2023 en Argentina<\/strong><\/p>\n<p>El primer encuentro de la ciudadan\u00eda con las urnas ser\u00e1 con las Primarias, Abiertas, Simult\u00e1neas y Obligatorias (PASO) que, seg\u00fan la Ley 26.571, deben llevarse a cabo el segundo domingo de agosto. Por lo que todo indica que la fecha ser\u00e1 el 13 de agosto pr\u00f3ximo.<\/p>\n<p>En tanto, el C\u00f3digo Electoral Nacional ordena que las elecciones generales se celebren el cuarto domingo de octubre, por lo que este a\u00f1o el pr\u00f3ximo presidente se definir\u00e1 el 22 de octubre.<\/p>\n<p>Sin embargo, puede haber una segunda vuelta o balotaje en caso de que ning\u00fan candidato obtenga el 45% de los votos o el 40% y una diferencia de 10 puntos con el segundo postulante. Seg\u00fan lo dispone la Constituci\u00f3n Nacional, el balotaje deber\u00e1 llevarse a cabo dentro de los 30 d\u00edas de realizada la elecci\u00f3n general.<\/p>\n<p>&nbsp;<\/p>\n<p><strong>Elecciones 2023: cu\u00e1ndo son provincia por provincia<\/strong><\/p>\n<p>Si bien hay algunas provincias cuyas elecciones a gobernador coinciden con las presidenciales como es el caso de Buenos Aires, hay otros distritos que tienen un calendario desdoblado.<\/p>\n<p>En las elecciones generales se deciden presidente, vicepresidente, 130 diputados nacionales, la mitad de la C\u00e1mara baja, y 24 senadores nacionales, un tercio de la C\u00e1mara alta.<\/p>\n<p>Los comicios desdoblados comenzaron el pasado 12 de febrero en La Pampa y las generales ser\u00e1n el 14 de mayo. En Neuqu\u00e9n la elecci\u00f3n general ser\u00e1 el 16 de abril; en R\u00edo Negro ser\u00e1 el 16 de abril; en Misiones ser\u00e1 el 7 de Mayo y en Jujuy tambi\u00e9n el 7 de mayo.<\/p>\n<p>Tambi\u00e9n desdoblaron sus elecciones Tucum\u00e1n (14 de mayo); Salta (14 de mayo); San Juan (14 de mayo); Mendoza (el 11 de junio ser\u00e1n las PASO y el 24 de septiembre las generales) y Chaco (el 17 de septiembre ser\u00e1 la elecci\u00f3n general).<\/p>\n<p>San Juan, Salta, Misiones, Jujuy no tendr\u00e1n PASO para elegir gobernador, mientras que Santa Fe, Formosa y Tierra del Fuego a\u00fan no oficializaron fechas.<\/p>\n<p>&nbsp;<\/p>\n<p><strong>Calendario electoral 2023<\/strong><\/p>\n<p><strong>Mayo<\/strong><\/p>\n<ul>\n<li>El Poder Ejecutivo nacional tiene tiempo hasta el 15 de mayo para convocar a las Primarias Abiertas Simult\u00e1neas y Obligatorias<\/li>\n<\/ul>\n<p>&nbsp;<\/p>\n<p><strong>Junio <\/strong><\/p>\n<ul>\n<li>Las alianzas electorales entre partidos deber\u00e1n inscribirse hasta el 14 de junio<\/li>\n<li>La fecha l\u00edmite para la presentaci\u00f3n de las listas y candidatos definitivos es el 24 de junio<\/li>\n<li>El Comienzo de la campa\u00f1a electoral tambi\u00e9n ser\u00e1 el 24 de junio<\/li>\n<\/ul>\n<p>&nbsp;<\/p>\n<p><strong>Julio<\/strong><\/p>\n<ul>\n<li>El 9 de julio se iniciar\u00e1 el per\u00edodo de emisi\u00f3n de publicidades en medios audiovisuales<\/li>\n<\/ul>\n<p>&nbsp;<\/p>\n<p><strong>Agosto<\/strong><\/p>\n<ul>\n<li>El 11 de agosto a las 8 de la ma\u00f1ana comenzar\u00e1 la veda electoral<\/li>\n<li>Las PASO presidenciales ser\u00e1n el domingo 13 de agosto<\/li>\n<li>El 15 de agosto se iniciar\u00e1 el escrutinio definitivo y a su t\u00e9rmino se oficializar\u00e1n las f\u00f3rmulas que competir\u00e1n en las elecciones generales<\/li>\n<\/ul>\n<p>&nbsp;<\/p>\n<p><strong>Septiembre <\/strong><\/p>\n<ul>\n<li>El 3 de septiembre comenzar\u00e1 la campa\u00f1a electoral para las elecciones generales<\/li>\n<li>El 17 de septiembre se retomar\u00e1 la transmisi\u00f3n de mensajes en los medios audiovisuales<\/li>\n<\/ul>\n<p>&nbsp;<\/p>\n<p><strong>Octubre 2023<\/strong><\/p>\n<ul>\n<li>La veda electoral comenzar\u00e1 el 20 de octubre a las 8<\/li>\n<li>8 de octubre y 15 de octubre se celebrar\u00e1n los debates p\u00fablicos de candidatos y ser\u00e1n obligatorios para todos los candidatos a presidente<\/li>\n<\/ul>\n","protected":false},"excerpt":{"rendered":"<p>En las elecciones generales de octubre se decidir\u00e1n presidente, vicepresidente, 130 diputados y 24 senadores. La primera instancia ser\u00e1 con las PASO en agosto, mientras que junio es el mes l\u00edmite para presentar candidatos &nbsp; &nbsp; &nbsp; La danza de nombres para competir en las elecciones presidenciales Argentina 2023 ya empez\u00f3. Mientras que el oficialismo se prepara para la primera reuni\u00f3n de la mesa pol\u00edtica del Frente de Todos (FdT) que tendr\u00e1 lugar el pr\u00f3ximo jueves, las internas tambi\u00e9n llegan a Juntos por el Cambio donde hay m\u00e1s de un&#8230;<\/p>\n","protected":false},"author":3,"featured_media":97764,"comment_status":"closed","ping_status":"closed","sticky":false,"template":"","format":"standard","meta":[],"categories":[9],"tags":[],"_links":{"self":[{"href":"https:\/\/www.actualidadadiario.com\/index.php\/wp-json\/wp\/v2\/posts\/97763"}],"collection":[{"href":"https:\/\/www.actualidadadiario.com\/index.php\/wp-json\/wp\/v2\/posts"}],"about":[{"href":"https:\/\/www.actualidadadiario.com\/index.php\/wp-json\/wp\/v2\/types\/post"}],"author":[{"embeddable":true,"href":"https:\/\/www.actualidadadiario.com\/index.php\/wp-json\/wp\/v2\/users\/3"}],"replies":[{"embeddable":true,"href":"https:\/\/www.actualidadadiario.com\/index.php\/wp-json\/wp\/v2\/comments?post=97763"}],"version-history":[{"count":1,"href":"https:\/\/www.actualidadadiario.com\/index.php\/wp-json\/wp\/v2\/posts\/97763\/revisions"}],"predecessor-version":[{"id":97765,"href":"https:\/\/www.actualidadadiario.com\/index.php\/wp-json\/wp\/v2\/posts\/97763\/revisions\/97765"}],"wp:featuredmedia":[{"embeddable":true,"href":"https:\/\/www.actualidadadiario.com\/index.php\/wp-json\/wp\/v2\/media\/97764"}],"wp:attachment":[{"href":"https:\/\/www.actualidadadiario.com\/index.php\/wp-json\/wp\/v2\/media?parent=97763"}],"wp:term":[{"taxonomy":"category","embeddable":true,"href":"https:\/\/www.actualidadadiario.com\/index.php\/wp-json\/wp\/v2\/categories?post=97763"},{"taxonomy":"post_tag","embeddable":true,"href":"https:\/\/www.actualidadadiario.com\/index.php\/wp-json\/wp\/v2\/tags?post=97763"}],"curies":[{"name":"wp","href":"https:\/\/api.w.org\/{rel}","templated":true}]}}