{"id":97761,"date":"2023-02-15T14:59:07","date_gmt":"2023-02-15T17:59:07","guid":{"rendered":"https:\/\/www.actualidadadiario.com\/?p=97761"},"modified":"2023-02-15T14:59:07","modified_gmt":"2023-02-15T17:59:07","slug":"la-cumbre-de-la-mesa-politica-del-frente-de-todos-no-definira-aun-las-candidaturas","status":"publish","type":"post","link":"https:\/\/www.actualidadadiario.com\/index.php\/2023\/02\/15\/la-cumbre-de-la-mesa-politica-del-frente-de-todos-no-definira-aun-las-candidaturas\/","title":{"rendered":"La cumbre de la mesa pol\u00edtica del Frente de Todos no definir\u00e1 a\u00fan las candidaturas"},"content":{"rendered":"<p style=\"text-align: center;\"><em><strong>El Presidente defender\u00e1 la posibilidad de dirimir las candidaturas en una PASO, mientras el kirchnerismo quiere debatir sobre la &#8220;proscripci\u00f3n&#8221; de Cristina Kirchner. El ministro de Econom\u00eda, Sergio Massa, buscar\u00e1 imponer una agenda m\u00e1s econ\u00f3mica<\/strong><\/em><\/p>\n<p>&nbsp;<\/p>\n<p>&nbsp;<\/p>\n<p>&nbsp;<\/p>\n<p>Cuando ma\u00f1ana se re\u00fana la mesa pol\u00edtica del Frente de Todos habr\u00e1 un temario definido. El kircherismo quiere incluir en el debate la &#8220;proscripci\u00f3n&#8221; de Cristina Kirchner, mientras el massismo reclama una discusi\u00f3n sobre el futuro econ\u00f3mico.<\/p>\n<p>La Casa Rosada adelant\u00f3 que no habr\u00e1 definiciones sobre las candidaturas en la reuni\u00f3n que se llevar\u00e1 a cabo ma\u00f1ana a las 19 en la sede del PJ de la calle Matheu en la Ciudad de Buenos Aires. La mesa pol\u00edtica tendr\u00e1 el primer encuentro del a\u00f1o electoral luego de la convocatoria del presidente Alberto Fern\u00e1ndez.<\/p>\n<p>Luego del fallo de la causa de Vialidad donde fue condenada a la inhabilitaci\u00f3n de ocupar cargos p\u00fablicos, la vicepresidenta denunci\u00f3 que la quieren proscribir de la posibilidad de competir en las elecciones. Este ser\u00e1 el tema principal que plantear\u00e1n discutir los enviados del kirchnerismo encabezados por el ministro del Interior, Wado de Pedro.<\/p>\n<p>El funcionario que responde a Cristina Kirchner impondr\u00e1 dentro del temario la necesidad de levantar la proscripci\u00f3n de la vicepresidenta ante el reclamo de una candidatura. Sin embargo, el ministro podr\u00eda ir con el traje de candidato presidencial, ya que en las \u00faltimas semanas se movi\u00f3 con una agenda de tono electoral y logr\u00f3 saldar las diferencias con Alberto Fern\u00e1ndez en un desayuno el s\u00e1bado pasado en la quinta de Olivos.<\/p>\n<p>Hasta el momento el \u00fanico que se pronunci\u00f3 sobre la intenci\u00f3n de competir es Alberto Fern\u00e1ndez, quien no desiste de la competencia pese a las presiones del kirchnerismo. El canciller Santiago Cafiero adelant\u00f3 que &#8220;trabaja para la reelecci\u00f3n del Presidente&#8221; y afirm\u00f3 que &#8220;es el mejor candidato del peronismo&#8221;.<\/p>\n<p>Desde el albertismo aclararon que ma\u00f1ana &#8220;no habr\u00e1 anuncios de candidaturas&#8221;. El ministro de Obras P\u00fablicas, Gabriel Katopodis, que estuvo presente en la cumbre del kirchnerismo bonaerense en Merlo, reconoci\u00f3 que si se habla de las candidaturas &#8220;la gente nos correr\u00eda&#8221;. &#8220;Tenemos que tener en claro d\u00f3nde est\u00e1n las preocupaciones, las candidaturas son el final de esta historia, no el comienzo\u201d, afirm\u00f3 Katopodis.<\/p>\n<p>Cada sector del Frente de Todos acudir\u00e1 con representantes. Desde el entorno del ministro de Econom\u00eda, Sergio Massa, a\u00fan no confirmaron su presencia ma\u00f1ana. En cambio, la vicepresidenta y el diputado y presidente del PJ bonaerense, M\u00e1ximo Kirchner, adelantaron que estar\u00e1n ausentes.<\/p>\n<p>El Presidente espera una gran asistencia de gobernadores que lo apoyen en sus aspiraciones reeleccionistas. Al menos 15 provincias decidieron desdoblar las elecciones provinciales de las nacionales, lo cual implica que los gobernadores decidieron no compartir la boleta con Alberto Fern\u00e1ndez.<\/p>\n","protected":false},"excerpt":{"rendered":"<p>El Presidente defender\u00e1 la posibilidad de dirimir las candidaturas en una PASO, mientras el kirchnerismo quiere debatir sobre la &#8220;proscripci\u00f3n&#8221; de Cristina Kirchner. El ministro de Econom\u00eda, Sergio Massa, buscar\u00e1 imponer una agenda m\u00e1s econ\u00f3mica &nbsp; &nbsp; &nbsp; Cuando ma\u00f1ana se re\u00fana la mesa pol\u00edtica del Frente de Todos habr\u00e1 un temario definido. El kircherismo quiere incluir en el debate la &#8220;proscripci\u00f3n&#8221; de Cristina Kirchner, mientras el massismo reclama una discusi\u00f3n sobre el futuro econ\u00f3mico. La Casa Rosada adelant\u00f3 que no habr\u00e1 definiciones sobre las candidaturas en la reuni\u00f3n que&#8230;<\/p>\n","protected":false},"author":3,"featured_media":84581,"comment_status":"closed","ping_status":"closed","sticky":false,"template":"","format":"standard","meta":[],"categories":[9],"tags":[],"_links":{"self":[{"href":"https:\/\/www.actualidadadiario.com\/index.php\/wp-json\/wp\/v2\/posts\/97761"}],"collection":[{"href":"https:\/\/www.actualidadadiario.com\/index.php\/wp-json\/wp\/v2\/posts"}],"about":[{"href":"https:\/\/www.actualidadadiario.com\/index.php\/wp-json\/wp\/v2\/types\/post"}],"author":[{"embeddable":true,"href":"https:\/\/www.actualidadadiario.com\/index.php\/wp-json\/wp\/v2\/users\/3"}],"replies":[{"embeddable":true,"href":"https:\/\/www.actualidadadiario.com\/index.php\/wp-json\/wp\/v2\/comments?post=97761"}],"version-history":[{"count":1,"href":"https:\/\/www.actualidadadiario.com\/index.php\/wp-json\/wp\/v2\/posts\/97761\/revisions"}],"predecessor-version":[{"id":97762,"href":"https:\/\/www.actualidadadiario.com\/index.php\/wp-json\/wp\/v2\/posts\/97761\/revisions\/97762"}],"wp:featuredmedia":[{"embeddable":true,"href":"https:\/\/www.actualidadadiario.com\/index.php\/wp-json\/wp\/v2\/media\/84581"}],"wp:attachment":[{"href":"https:\/\/www.actualidadadiario.com\/index.php\/wp-json\/wp\/v2\/media?parent=97761"}],"wp:term":[{"taxonomy":"category","embeddable":true,"href":"https:\/\/www.actualidadadiario.com\/index.php\/wp-json\/wp\/v2\/categories?post=97761"},{"taxonomy":"post_tag","embeddable":true,"href":"https:\/\/www.actualidadadiario.com\/index.php\/wp-json\/wp\/v2\/tags?post=97761"}],"curies":[{"name":"wp","href":"https:\/\/api.w.org\/{rel}","templated":true}]}}