{"id":97751,"date":"2023-02-15T14:56:03","date_gmt":"2023-02-15T17:56:03","guid":{"rendered":"https:\/\/www.actualidadadiario.com\/?p=97751"},"modified":"2023-02-15T14:56:03","modified_gmt":"2023-02-15T17:56:03","slug":"shell-aumento-un-4-los-precios-de-las-naftas","status":"publish","type":"post","link":"https:\/\/www.actualidadadiario.com\/index.php\/2023\/02\/15\/shell-aumento-un-4-los-precios-de-las-naftas\/","title":{"rendered":"Shell aument\u00f3 un 4% los precios de las naftas"},"content":{"rendered":"<p style=\"text-align: center;\"><em><strong>Las subas comenzar\u00e1n a regir desde las 00 de este mi\u00e9rcoles. La empresa las adjudic\u00f3 a los incrementos en los precios de los biocombustibles y los costos log\u00edsticos, entre otros factores<\/strong><\/em><\/p>\n<p>&nbsp;<\/p>\n<p>&nbsp;<\/p>\n<p>Los precios de los combustibles de Shell aumentaron un 4% a partir de las 00 horas de este mi\u00e9rcoles 15 de febrero. Seg\u00fan inform\u00f3 Raizen Argentina, licenciataria de la marca, la actualizaci\u00f3n &#8220;intenta absorber m\u00ednimamente los incrementos de los precios de los biocombustibles&#8221;.<\/p>\n<p>Tambi\u00e9n &#8220;el aumento de costos log\u00edsticos, y la variaci\u00f3n del tipo de cambio oficial que afecta el precio de las materias primas que utilizamos para la producci\u00f3n de combustibles&#8221;. El gobernador de Neuqu\u00e9n, Omar Guti\u00e9rrez, asegur\u00f3 hoy que &#8220;en estos \u00faltimos a\u00f1os hemos logrado triplicar la producci\u00f3n de gas y petr\u00f3leo de Vaca Muerta&#8221;.<\/p>\n<p>&nbsp;<\/p>\n<p><strong>Inauguraci\u00f3n\u00a0 <\/strong><\/p>\n<p>En tanto, este martes el gobernador de Neuqu\u00e9n, Omar Guti\u00e9rrez, asegur\u00f3 hoy que &#8220;en estos \u00faltimos a\u00f1os hemos logrado triplicar la producci\u00f3n de gas y petr\u00f3leo de Vaca Muerta&#8221;.<\/p>\n<p>El mandatario particip\u00f3 este mediod\u00eda en la inauguraci\u00f3n del oleoducto Sierras Blancas-Allen, una obra encarada por el consorcio conformado por las empresas Shell, Pan American Energy y Pluspetrol. &#8220;Alcanzamos un r\u00e9cord en la producci\u00f3n de la historia de Neuqu\u00e9n con 308 mil barriles de petr\u00f3leo y 91,9 millones de metros c\u00fabicos de gas diarios&#8221;, detall\u00f3 el gobernador.<\/p>\n<p>Respecto a las inversiones para la producci\u00f3n de petr\u00f3leo y gas, Guti\u00e9rrez dijo que el a\u00f1o pasado ascendieron a &#8220;6.000 millones de d\u00f3lares&#8221; en Vaca Muerta y que para 2023 proyectan un monto cercano a los &#8220;8.000 millones de d\u00f3lares&#8221;.<\/p>\n<p>Con respecto al oleoducto, el gobernador neuquino dijo que &#8220;es fruto de la inversi\u00f3n de 3 empresas&#8221;, a las que felicit\u00f3 por el &#8220;trabajo que est\u00e1n llevando adelante&#8221;. Tambi\u00e9n hizo un reconocimiento al trabajo que lleva adelante la Secretar\u00eda de Energ\u00eda, &#8220;porque apuntala y promueve el desarrollo de Vaca Muerta&#8221;.<\/p>\n","protected":false},"excerpt":{"rendered":"<p>Las subas comenzar\u00e1n a regir desde las 00 de este mi\u00e9rcoles. La empresa las adjudic\u00f3 a los incrementos en los precios de los biocombustibles y los costos log\u00edsticos, entre otros factores &nbsp; &nbsp; Los precios de los combustibles de Shell aumentaron un 4% a partir de las 00 horas de este mi\u00e9rcoles 15 de febrero. Seg\u00fan inform\u00f3 Raizen Argentina, licenciataria de la marca, la actualizaci\u00f3n &#8220;intenta absorber m\u00ednimamente los incrementos de los precios de los biocombustibles&#8221;. Tambi\u00e9n &#8220;el aumento de costos log\u00edsticos, y la variaci\u00f3n del tipo de cambio oficial&#8230;<\/p>\n","protected":false},"author":3,"featured_media":97752,"comment_status":"closed","ping_status":"closed","sticky":false,"template":"","format":"standard","meta":[],"categories":[2],"tags":[],"_links":{"self":[{"href":"https:\/\/www.actualidadadiario.com\/index.php\/wp-json\/wp\/v2\/posts\/97751"}],"collection":[{"href":"https:\/\/www.actualidadadiario.com\/index.php\/wp-json\/wp\/v2\/posts"}],"about":[{"href":"https:\/\/www.actualidadadiario.com\/index.php\/wp-json\/wp\/v2\/types\/post"}],"author":[{"embeddable":true,"href":"https:\/\/www.actualidadadiario.com\/index.php\/wp-json\/wp\/v2\/users\/3"}],"replies":[{"embeddable":true,"href":"https:\/\/www.actualidadadiario.com\/index.php\/wp-json\/wp\/v2\/comments?post=97751"}],"version-history":[{"count":1,"href":"https:\/\/www.actualidadadiario.com\/index.php\/wp-json\/wp\/v2\/posts\/97751\/revisions"}],"predecessor-version":[{"id":97753,"href":"https:\/\/www.actualidadadiario.com\/index.php\/wp-json\/wp\/v2\/posts\/97751\/revisions\/97753"}],"wp:featuredmedia":[{"embeddable":true,"href":"https:\/\/www.actualidadadiario.com\/index.php\/wp-json\/wp\/v2\/media\/97752"}],"wp:attachment":[{"href":"https:\/\/www.actualidadadiario.com\/index.php\/wp-json\/wp\/v2\/media?parent=97751"}],"wp:term":[{"taxonomy":"category","embeddable":true,"href":"https:\/\/www.actualidadadiario.com\/index.php\/wp-json\/wp\/v2\/categories?post=97751"},{"taxonomy":"post_tag","embeddable":true,"href":"https:\/\/www.actualidadadiario.com\/index.php\/wp-json\/wp\/v2\/tags?post=97751"}],"curies":[{"name":"wp","href":"https:\/\/api.w.org\/{rel}","templated":true}]}}