{"id":97738,"date":"2023-02-14T15:08:12","date_gmt":"2023-02-14T18:08:12","guid":{"rendered":"https:\/\/www.actualidadadiario.com\/?p=97738"},"modified":"2023-02-14T15:08:12","modified_gmt":"2023-02-14T18:08:12","slug":"chile-abren-50-investigaciones-sobre-el-origen-de-los-incendios-forestales","status":"publish","type":"post","link":"https:\/\/www.actualidadadiario.com\/index.php\/2023\/02\/14\/chile-abren-50-investigaciones-sobre-el-origen-de-los-incendios-forestales\/","title":{"rendered":"Chile: abren 50 investigaciones sobre el origen de los incendios forestales"},"content":{"rendered":"<p style=\"text-align: center;\"><em><strong>M\u00e1s de 432.000 hect\u00e1reas se han quemado durante esta temporada de verano, una de las m\u00e1s calurosas<\/strong><\/em><\/p>\n<p>&nbsp;<\/p>\n<p>&nbsp;<\/p>\n<p>Los cuerpos policiales de Chile adelantan 50 investigaciones sobre la intensa ola de incendios forestales que ha golpeado recientemente la zona centro sur del pa\u00eds para determinar si hubo intencionalidad en la generaci\u00f3n de los siniestros, inform\u00f3 este martes el subsecretario de Interior, Manuel Monsalve.<\/p>\n<p>M\u00e1s de 432.000 hect\u00e1reas se han quemado durante esta temporada de verano, que adem\u00e1s ha dejado 24 personas fallecidas, 1.513 viviendas destruidas y m\u00e1s de 6.800 damnificados. \u00abEstos incendios han costado vidas de chilenos y chilenas, adem\u00e1s de un da\u00f1o patrimonial enorme, y, por tanto, no puede quedar en la impunidad\u00bb, explic\u00f3 el ministro.<\/p>\n<p>\u00abPero la tarea de investigar es del Ministerio P\u00fablico, que cuenta con todo el respaldo del Gobierno\u00bb, dijo Monsalve. El funcionario detall\u00f3 que 38 indagatorias abiertas est\u00e1n a cargo de la Polic\u00eda de Investigaciones y 12 en manos de Carabineros.<\/p>\n<p>Por otra parte, coment\u00f3 que investigaciones hist\u00f3ricas realizadas por personal especializado de la estatal Corporaci\u00f3n Nacional Forestal (CONAF) han mostrado intencionalidad en un 25% de los casos ya estudiados. Las autoridades dijeron que la emergencia actualmente est\u00e1 en una etapa de mayor contenci\u00f3n, con 60 incendios en combate y otros 149 controlados hasta la ma\u00f1ana del martes, inform\u00f3 Reuters.<\/p>\n<p>Sin embargo, en los pr\u00f3ximos d\u00edas persistir\u00e1n las altas temperaturas usuales del verano austral, lo que mantiene la situaci\u00f3n de alerta de las autoridades. Cabe recordar que rige un toque de queda en 28 comunas repartidas en las regiones de Biob\u00edo, La Araucan\u00eda y \u00d1uble \u2014las m\u00e1s afectadas por los incendios\u2014, entre las 00:00 y las 05:00.<\/p>\n<p>Desde el inicio del fuego, ha llegado ayuda internacional de diversos pa\u00edses \u2014brigadistas, bomberos, herramientas\u2014 para aportar al combate de los incendios. El lunes llegaron 83 brigadistas franceses que estar\u00e1n por m\u00e1s de tres semanas en Chile para controlar las llamas de la cat\u00e1strofe.<\/p>\n","protected":false},"excerpt":{"rendered":"<p>M\u00e1s de 432.000 hect\u00e1reas se han quemado durante esta temporada de verano, una de las m\u00e1s calurosas &nbsp; &nbsp; Los cuerpos policiales de Chile adelantan 50 investigaciones sobre la intensa ola de incendios forestales que ha golpeado recientemente la zona centro sur del pa\u00eds para determinar si hubo intencionalidad en la generaci\u00f3n de los siniestros, inform\u00f3 este martes el subsecretario de Interior, Manuel Monsalve. M\u00e1s de 432.000 hect\u00e1reas se han quemado durante esta temporada de verano, que adem\u00e1s ha dejado 24 personas fallecidas, 1.513 viviendas destruidas y m\u00e1s de 6.800&#8230;<\/p>\n","protected":false},"author":3,"featured_media":97739,"comment_status":"closed","ping_status":"closed","sticky":false,"template":"","format":"standard","meta":[],"categories":[4],"tags":[],"_links":{"self":[{"href":"https:\/\/www.actualidadadiario.com\/index.php\/wp-json\/wp\/v2\/posts\/97738"}],"collection":[{"href":"https:\/\/www.actualidadadiario.com\/index.php\/wp-json\/wp\/v2\/posts"}],"about":[{"href":"https:\/\/www.actualidadadiario.com\/index.php\/wp-json\/wp\/v2\/types\/post"}],"author":[{"embeddable":true,"href":"https:\/\/www.actualidadadiario.com\/index.php\/wp-json\/wp\/v2\/users\/3"}],"replies":[{"embeddable":true,"href":"https:\/\/www.actualidadadiario.com\/index.php\/wp-json\/wp\/v2\/comments?post=97738"}],"version-history":[{"count":1,"href":"https:\/\/www.actualidadadiario.com\/index.php\/wp-json\/wp\/v2\/posts\/97738\/revisions"}],"predecessor-version":[{"id":97740,"href":"https:\/\/www.actualidadadiario.com\/index.php\/wp-json\/wp\/v2\/posts\/97738\/revisions\/97740"}],"wp:featuredmedia":[{"embeddable":true,"href":"https:\/\/www.actualidadadiario.com\/index.php\/wp-json\/wp\/v2\/media\/97739"}],"wp:attachment":[{"href":"https:\/\/www.actualidadadiario.com\/index.php\/wp-json\/wp\/v2\/media?parent=97738"}],"wp:term":[{"taxonomy":"category","embeddable":true,"href":"https:\/\/www.actualidadadiario.com\/index.php\/wp-json\/wp\/v2\/categories?post=97738"},{"taxonomy":"post_tag","embeddable":true,"href":"https:\/\/www.actualidadadiario.com\/index.php\/wp-json\/wp\/v2\/tags?post=97738"}],"curies":[{"name":"wp","href":"https:\/\/api.w.org\/{rel}","templated":true}]}}