{"id":97735,"date":"2023-02-14T15:07:25","date_gmt":"2023-02-14T18:07:25","guid":{"rendered":"https:\/\/www.actualidadadiario.com\/?p=97735"},"modified":"2023-02-14T15:07:25","modified_gmt":"2023-02-14T18:07:25","slug":"peru-prorrogan-el-estado-de-emergencia-en-lima-y-otras-ciudades","status":"publish","type":"post","link":"https:\/\/www.actualidadadiario.com\/index.php\/2023\/02\/14\/peru-prorrogan-el-estado-de-emergencia-en-lima-y-otras-ciudades\/","title":{"rendered":"Per\u00fa: prorrogan el estado de emergencia en Lima y otras ciudades"},"content":{"rendered":"<p style=\"text-align: center;\"><em><strong>Las manifestaciones comenzaron en Per\u00fa hace dos meses con la destituci\u00f3n de Pedro Castillo<\/strong><\/em><\/p>\n<p>&nbsp;<\/p>\n<p>&nbsp;<\/p>\n<p>El Gobierno de Per\u00fa de la presidente Dina Boluarte prorrog\u00f3 del estado de emergencia durante 30 d\u00edas en Lima y otros puntos del pa\u00eds. El objetivo es neutralizar las protestas que se suceden desde hace m\u00e1s de dos meses contra la presidente Dina Boluarte. Adem\u00e1s, reclaman de la convocatoria de nuevas elecciones para este a\u00f1o.<\/p>\n<p>La Polic\u00eda Nacional del Per\u00fa ser\u00e1 la encargada de mantener el control del orden interno en las regiones donde se prorrog\u00f3 el estado de emergencia, con el apoyo de las Fuerzas Armadas, precisa el decreto publicado en la noche del lunes en una edici\u00f3n extraordinaria del bolet\u00edn oficial.<\/p>\n<p>El estado de emergencia comenzar\u00e1 a partir de este martes, por el t\u00e9rmino de 30 d\u00edas calendario, en el departamento de Lima, en la provincia del Callao, y en varias autopistas que conectan las zonas donde las protestas han sido m\u00e1s intensas, como la Carretera Panamericana Sur.<\/p>\n<p>Asimismo, resalta que durante la vigencia de esta norma excepcional quedan limitados o suspendidos los derechos constitucionales \u00abrelativos a la inviolabilidad del domicilio, la libertad de tr\u00e1nsito por el territorio nacional, la libertad de reuni\u00f3n y la libertad y seguridad personales\u00bb. El decreto fue publicado horas despu\u00e9s de que el ministro de Econom\u00eda, \u00c1lex Contreras, asegurara que \u00abya pas\u00f3 lo peor\u00bb de las protestas.<\/p>\n<p>Desde la detenci\u00f3n de Pedro Castillo a principios de diciembre, tras intentar cerrar el Congreso, el pa\u00eds andino ha sido escenario de numerosas protestas. Los enfrentamientos entre la polic\u00eda y los manifestantes han dejado medio centenar de muertos. Hasta el momento, el Congreso no ha sido incapaz de ponerse de acuerdo en la fecha para el adelanto de elecciones.<\/p>\n","protected":false},"excerpt":{"rendered":"<p>Las manifestaciones comenzaron en Per\u00fa hace dos meses con la destituci\u00f3n de Pedro Castillo &nbsp; &nbsp; El Gobierno de Per\u00fa de la presidente Dina Boluarte prorrog\u00f3 del estado de emergencia durante 30 d\u00edas en Lima y otros puntos del pa\u00eds. El objetivo es neutralizar las protestas que se suceden desde hace m\u00e1s de dos meses contra la presidente Dina Boluarte. Adem\u00e1s, reclaman de la convocatoria de nuevas elecciones para este a\u00f1o. La Polic\u00eda Nacional del Per\u00fa ser\u00e1 la encargada de mantener el control del orden interno en las regiones donde&#8230;<\/p>\n","protected":false},"author":3,"featured_media":97736,"comment_status":"closed","ping_status":"closed","sticky":false,"template":"","format":"standard","meta":[],"categories":[4],"tags":[],"_links":{"self":[{"href":"https:\/\/www.actualidadadiario.com\/index.php\/wp-json\/wp\/v2\/posts\/97735"}],"collection":[{"href":"https:\/\/www.actualidadadiario.com\/index.php\/wp-json\/wp\/v2\/posts"}],"about":[{"href":"https:\/\/www.actualidadadiario.com\/index.php\/wp-json\/wp\/v2\/types\/post"}],"author":[{"embeddable":true,"href":"https:\/\/www.actualidadadiario.com\/index.php\/wp-json\/wp\/v2\/users\/3"}],"replies":[{"embeddable":true,"href":"https:\/\/www.actualidadadiario.com\/index.php\/wp-json\/wp\/v2\/comments?post=97735"}],"version-history":[{"count":1,"href":"https:\/\/www.actualidadadiario.com\/index.php\/wp-json\/wp\/v2\/posts\/97735\/revisions"}],"predecessor-version":[{"id":97737,"href":"https:\/\/www.actualidadadiario.com\/index.php\/wp-json\/wp\/v2\/posts\/97735\/revisions\/97737"}],"wp:featuredmedia":[{"embeddable":true,"href":"https:\/\/www.actualidadadiario.com\/index.php\/wp-json\/wp\/v2\/media\/97736"}],"wp:attachment":[{"href":"https:\/\/www.actualidadadiario.com\/index.php\/wp-json\/wp\/v2\/media?parent=97735"}],"wp:term":[{"taxonomy":"category","embeddable":true,"href":"https:\/\/www.actualidadadiario.com\/index.php\/wp-json\/wp\/v2\/categories?post=97735"},{"taxonomy":"post_tag","embeddable":true,"href":"https:\/\/www.actualidadadiario.com\/index.php\/wp-json\/wp\/v2\/tags?post=97735"}],"curies":[{"name":"wp","href":"https:\/\/api.w.org\/{rel}","templated":true}]}}