{"id":97723,"date":"2023-02-14T14:51:50","date_gmt":"2023-02-14T17:51:50","guid":{"rendered":"https:\/\/www.actualidadadiario.com\/?p=97723"},"modified":"2023-02-14T14:51:50","modified_gmt":"2023-02-14T17:51:50","slug":"daniel-scioli-sera-candidato-a-presidente","status":"publish","type":"post","link":"https:\/\/www.actualidadadiario.com\/index.php\/2023\/02\/14\/daniel-scioli-sera-candidato-a-presidente\/","title":{"rendered":"Daniel Scioli ser\u00e1 candidato a Presidente"},"content":{"rendered":"<p style=\"text-align: center;\"><em><strong>El ex gobernador ser\u00e1 uno de los precandidatos del Frente de Todos que encamina su elecci\u00f3n a unas hist\u00f3ricas PASO<\/strong><\/em><\/p>\n<p>&nbsp;<\/p>\n<p>&nbsp;<\/p>\n<p>El Frente de Todos atraviesa etapas de definiciones, entre los posibles candidatos y el armado de la mesa pol\u00edtica convocada por Alberto Fern\u00e1ndez para este jueves, esta ma\u00f1ana trascendi\u00f3 la noticia que uno de los candidatos que presentar\u00e1 a coalici\u00f3n oficialista con el aval del presidente y de Cristina Kirchner es Daniel Scioli.<\/p>\n<p>Como lo fue en 2015, contienda que perdi\u00f3 por pocos puntos en balotaje frente a Mauricio Macri, el embajador argentino en Brasil parece que encabezar\u00e1 una de las listas seg\u00fan inform\u00f3 el \u00abGato\u00bb Sylvestre en Radio 10. \u00abTal vez el apoyo que no tuvo en el 2015 lo tiene ahora. Todo lo que dijo en el 2015 se cumpli\u00f3 y la sociedad no lo vio. El presidente y la vicepresidenta dijeron que se largue, todos a las PASO\u00bb, manifest\u00f3 el conductor.<\/p>\n<p>Durante esta nueva gesti\u00f3n del peronismo, Daniel Scioli tomo un rol m\u00e1s secundario, se desempe\u00f1\u00f3 como embajador argentino en Brasil, le toco transitar la pandemia y un cambio de gobierno. En el medio de su gesti\u00f3n fue convocado para ser ministro de producci\u00f3n, puesto que luego le cedi\u00f3 a Sergio Massa en la unificaci\u00f3n de los ministerios de Econom\u00eda, Producci\u00f3n y Agricultura.<\/p>\n<p>Con este panorama, y si el Frente ir\u00eda a unas PASO, por ahora los candidatos serian: El mencionado Daniel Scioli, Alberto Fern\u00e1ndez y con la posibilidad de que el Kirchnerimo presente a su candidato que todo parece apuntar a que sea Eduardo \u00abWado\u00bb de Pedro, actual ministro de interior.<\/p>\n","protected":false},"excerpt":{"rendered":"<p>El ex gobernador ser\u00e1 uno de los precandidatos del Frente de Todos que encamina su elecci\u00f3n a unas hist\u00f3ricas PASO &nbsp; &nbsp; El Frente de Todos atraviesa etapas de definiciones, entre los posibles candidatos y el armado de la mesa pol\u00edtica convocada por Alberto Fern\u00e1ndez para este jueves, esta ma\u00f1ana trascendi\u00f3 la noticia que uno de los candidatos que presentar\u00e1 a coalici\u00f3n oficialista con el aval del presidente y de Cristina Kirchner es Daniel Scioli. Como lo fue en 2015, contienda que perdi\u00f3 por pocos puntos en balotaje frente a&#8230;<\/p>\n","protected":false},"author":3,"featured_media":97724,"comment_status":"closed","ping_status":"closed","sticky":false,"template":"","format":"standard","meta":[],"categories":[18],"tags":[],"_links":{"self":[{"href":"https:\/\/www.actualidadadiario.com\/index.php\/wp-json\/wp\/v2\/posts\/97723"}],"collection":[{"href":"https:\/\/www.actualidadadiario.com\/index.php\/wp-json\/wp\/v2\/posts"}],"about":[{"href":"https:\/\/www.actualidadadiario.com\/index.php\/wp-json\/wp\/v2\/types\/post"}],"author":[{"embeddable":true,"href":"https:\/\/www.actualidadadiario.com\/index.php\/wp-json\/wp\/v2\/users\/3"}],"replies":[{"embeddable":true,"href":"https:\/\/www.actualidadadiario.com\/index.php\/wp-json\/wp\/v2\/comments?post=97723"}],"version-history":[{"count":1,"href":"https:\/\/www.actualidadadiario.com\/index.php\/wp-json\/wp\/v2\/posts\/97723\/revisions"}],"predecessor-version":[{"id":97725,"href":"https:\/\/www.actualidadadiario.com\/index.php\/wp-json\/wp\/v2\/posts\/97723\/revisions\/97725"}],"wp:featuredmedia":[{"embeddable":true,"href":"https:\/\/www.actualidadadiario.com\/index.php\/wp-json\/wp\/v2\/media\/97724"}],"wp:attachment":[{"href":"https:\/\/www.actualidadadiario.com\/index.php\/wp-json\/wp\/v2\/media?parent=97723"}],"wp:term":[{"taxonomy":"category","embeddable":true,"href":"https:\/\/www.actualidadadiario.com\/index.php\/wp-json\/wp\/v2\/categories?post=97723"},{"taxonomy":"post_tag","embeddable":true,"href":"https:\/\/www.actualidadadiario.com\/index.php\/wp-json\/wp\/v2\/tags?post=97723"}],"curies":[{"name":"wp","href":"https:\/\/api.w.org\/{rel}","templated":true}]}}