{"id":97720,"date":"2023-02-14T13:43:52","date_gmt":"2023-02-14T16:43:52","guid":{"rendered":"https:\/\/www.actualidadadiario.com\/?p=97720"},"modified":"2023-02-14T13:43:52","modified_gmt":"2023-02-14T16:43:52","slug":"el-terremoto-en-turquia-y-siria-afecto-a-mas-de-7-millones-de-ninos-y-ninas-alerto-unicef","status":"publish","type":"post","link":"https:\/\/www.actualidadadiario.com\/index.php\/2023\/02\/14\/el-terremoto-en-turquia-y-siria-afecto-a-mas-de-7-millones-de-ninos-y-ninas-alerto-unicef\/","title":{"rendered":"El terremoto en Turqu\u00eda y Siria afect\u00f3 a m\u00e1s de 7 millones de ni\u00f1os y ni\u00f1as, alert\u00f3 Unicef"},"content":{"rendered":"<p style=\"text-align: center;\"><em><strong>El organismo de la ONU advirti\u00f3 que m\u00e1s de siete millones de ni\u00f1os y ni\u00f1as fueron afectados por el sismo del 6 de febrero y expres\u00f3 su temor de que hayan muerto &#8220;muchos miles&#8221; m\u00e1s, seg\u00fan report\u00f3 la agencia de noticias AFP<\/strong><\/em><\/p>\n<p>&nbsp;<\/p>\n<p>&nbsp;<\/p>\n<p>La Organizaci\u00f3n Mundial de la Salud (OMS) afirm\u00f3 que el terremoto en Turqu\u00eda y Siria fue el &#8220;peor desastre natural&#8221; en 100 a\u00f1os en la regi\u00f3n europea, mientras que Unicef advirti\u00f3 que m\u00e1s de siete millones de ni\u00f1os y ni\u00f1as fueron afectados por el devastador sismo.<\/p>\n<p>El terremoto ya dej\u00f3 m\u00e1s de 35.000 muertos y decenas de miles de heridos y los rescatistas locales e internacionales \u2013entre ellos un equipo de 28 brigadistas argentinos- siguen trabajando en la zona para buscar sobrevivientes, aunque las esperanzas cada vez son menores cuando ya pasaron ocho d\u00edas de ocurrido.<\/p>\n<p>&#8220;Somos testigos del peor desastre natural en la regi\u00f3n Europa de la OMS en un siglo y a\u00fan estamos midiendo su amplitud&#8221;, dijo Hans Kluge, director de la organizaci\u00f3n para la regi\u00f3n (que abarca a 53 pa\u00edses, entre ellos Turqu\u00eda y pa\u00edses de Asia Central), en una conferencia de prensa.<\/p>\n<p>Por su parte, Unicef advirti\u00f3 que m\u00e1s de siete millones de ni\u00f1os y ni\u00f1as fueron afectados por el sismo ocurrido el 6 de febrero y expres\u00f3 su temor de que hayan muerto &#8220;muchos miles&#8221; m\u00e1s, seg\u00fan report\u00f3 la agencia de noticias AFP.<\/p>\n<p>&#8220;En Turqu\u00eda, el n\u00famero total de ni\u00f1os que viven en las diez provincias sacudidas por el terremoto asciende a 4,6 millones. En Siria, hay 2,5 millones de ni\u00f1os afectados&#8221;, dijo James Elder, portavoz del Fondo de las Naciones Unidas para la Infancia (Unicef), en una rueda de prensa en Ginebra.<\/p>\n<p>&#8220;Unicef teme que varios miles de ni\u00f1os hayan muerto&#8221;, dijo Elder, advirtiendo que &#8220;incluso sin cifras verificadas, est\u00e1 claro que los n\u00fameros seguir\u00e1n creciendo&#8221;.<\/p>\n<p>Seg\u00fan Unicef, decenas de miles de familias que viven a la intemperie tras el sismo est\u00e1n expuestas al fr\u00edo.<\/p>\n<p>&#8220;Todos los d\u00edas se informa de un n\u00famero cada vez mayor de ni\u00f1os que sufren hipotermia e infecciones respiratorias&#8221;, afirm\u00f3 Elder y agreg\u00f3 que las familias duermen con sus hijos en la calle, centros comerciales, escuelas, mezquitas, estaciones de autobuses y bajo los puentes.<\/p>\n<p>En Turqu\u00eda, Unicef, en coordinaci\u00f3n con el ministerio de la Familia y los servicios sociales, despleg\u00f3 trabajadores sociales en los hospitales para ayudar a identificar a los ni\u00f1os separados de sus familias.<\/p>\n<p>Paralelamente a estos esfuerzos, Unicef trabaja para proporcionar apoyo psicosocial a los ni\u00f1os afectados.<\/p>\n<p>En la vecina Siria, dijo Elder, &#8220;cada ni\u00f1o menor de 12 a\u00f1os s\u00f3lo ha vivido el conflicto, la violencia o el desplazamiento. Algunos ni\u00f1os han sido desplazados seis o siete veces&#8221;, asegur\u00f3.<\/p>\n<p>Una delegaci\u00f3n de la ONU entr\u00f3 este martes por primera vez desde el mort\u00edfero terremoto en las zonas rebeldes del noroeste de Siria para evaluar las necesidades de esa regi\u00f3n duramente afectada, constat\u00f3 un corresponsal de la AFP.<\/p>\n<p>La delegaci\u00f3n ingres\u00f3 por el puesto fronterizo con Turqu\u00eda de Bab al Hawa, en momentos en que la lentitud de la llegada de la ayuda internacional es criticada por los socorristas y activistas locales.<\/p>\n<p>La misi\u00f3n se reuni\u00f3 con responsables del lado sirio del puesto fronterizo, \u00fanico punto por donde hasta ahora ingresa la ayuda a las regiones bajo control rebelde devastadas.<\/p>\n<p>La Canciller\u00eda argentina inform\u00f3 que Siria acept\u00f3 el ofrecimiento de la Agencia Argentina de Cooperaci\u00f3n Internacional y Asistencia Humanitaria-Cascos Blancos (Aciah) para brindar asistencia humanitaria &#8220;como respuesta al desastre ocurrido en el noroeste de dicho pa\u00eds a causa del terremoto&#8221;.<\/p>\n","protected":false},"excerpt":{"rendered":"<p>El organismo de la ONU advirti\u00f3 que m\u00e1s de siete millones de ni\u00f1os y ni\u00f1as fueron afectados por el sismo del 6 de febrero y expres\u00f3 su temor de que hayan muerto &#8220;muchos miles&#8221; m\u00e1s, seg\u00fan report\u00f3 la agencia de noticias AFP &nbsp; &nbsp; La Organizaci\u00f3n Mundial de la Salud (OMS) afirm\u00f3 que el terremoto en Turqu\u00eda y Siria fue el &#8220;peor desastre natural&#8221; en 100 a\u00f1os en la regi\u00f3n europea, mientras que Unicef advirti\u00f3 que m\u00e1s de siete millones de ni\u00f1os y ni\u00f1as fueron afectados por el devastador sismo&#8230;.<\/p>\n","protected":false},"author":3,"featured_media":97721,"comment_status":"closed","ping_status":"closed","sticky":false,"template":"","format":"standard","meta":[],"categories":[4],"tags":[],"_links":{"self":[{"href":"https:\/\/www.actualidadadiario.com\/index.php\/wp-json\/wp\/v2\/posts\/97720"}],"collection":[{"href":"https:\/\/www.actualidadadiario.com\/index.php\/wp-json\/wp\/v2\/posts"}],"about":[{"href":"https:\/\/www.actualidadadiario.com\/index.php\/wp-json\/wp\/v2\/types\/post"}],"author":[{"embeddable":true,"href":"https:\/\/www.actualidadadiario.com\/index.php\/wp-json\/wp\/v2\/users\/3"}],"replies":[{"embeddable":true,"href":"https:\/\/www.actualidadadiario.com\/index.php\/wp-json\/wp\/v2\/comments?post=97720"}],"version-history":[{"count":1,"href":"https:\/\/www.actualidadadiario.com\/index.php\/wp-json\/wp\/v2\/posts\/97720\/revisions"}],"predecessor-version":[{"id":97722,"href":"https:\/\/www.actualidadadiario.com\/index.php\/wp-json\/wp\/v2\/posts\/97720\/revisions\/97722"}],"wp:featuredmedia":[{"embeddable":true,"href":"https:\/\/www.actualidadadiario.com\/index.php\/wp-json\/wp\/v2\/media\/97721"}],"wp:attachment":[{"href":"https:\/\/www.actualidadadiario.com\/index.php\/wp-json\/wp\/v2\/media?parent=97720"}],"wp:term":[{"taxonomy":"category","embeddable":true,"href":"https:\/\/www.actualidadadiario.com\/index.php\/wp-json\/wp\/v2\/categories?post=97720"},{"taxonomy":"post_tag","embeddable":true,"href":"https:\/\/www.actualidadadiario.com\/index.php\/wp-json\/wp\/v2\/tags?post=97720"}],"curies":[{"name":"wp","href":"https:\/\/api.w.org\/{rel}","templated":true}]}}