{"id":97711,"date":"2023-02-14T13:41:32","date_gmt":"2023-02-14T16:41:32","guid":{"rendered":"https:\/\/www.actualidadadiario.com\/?p=97711"},"modified":"2023-02-14T13:41:32","modified_gmt":"2023-02-14T16:41:32","slug":"paritaria-docente-proponen-un-28-para-el-primer-semestre-y-continuar-con-las-paritarias-abiertas","status":"publish","type":"post","link":"https:\/\/www.actualidadadiario.com\/index.php\/2023\/02\/14\/paritaria-docente-proponen-un-28-para-el-primer-semestre-y-continuar-con-las-paritarias-abiertas\/","title":{"rendered":"Paritaria docente: proponen un 28% para el primer semestre y continuar con las paritarias abiertas"},"content":{"rendered":"<p style=\"text-align: center;\"><em><strong>El Gobierno provincial y los sindicatos docentes volvieron a reunirse en paritarias este martes. Se propuso un aumento del 28% para el primer semestre y volver a reunirse en julio. Si la inflaci\u00f3n supera ese porcentaje antes de junio, se adelantar\u00e1 el di\u00e1logo<\/strong><\/em><\/p>\n<p>&nbsp;<\/p>\n<p>&nbsp;<\/p>\n<p>El encuentro se desarroll\u00f3 este martes al mediod\u00eda en la Secretar\u00eda de Trabajo. En ese marco, el presidente del Consejo General de Educaci\u00f3n (CGE), Mart\u00edn M\u00fcller, expuso la propuesta de la provincia para este a\u00f1o. Se pas\u00f3 a un cuarto intermedio hasta el viernes 17 de febrero.<\/p>\n<p>Se trata de un aumento del 18% con los haberes de marzo, otro del 10% con los haberes de junio y el compromiso de convocar a una nueva reuni\u00f3n en julio una vez que se conozcan los \u00edndices de inflaci\u00f3n de junio. Adem\u00e1s, si la inflaci\u00f3n durante los primeros meses del a\u00f1o supera el aumento propuesto, se convocar\u00e1 a una reuni\u00f3n anticipada para alcanzar una soluci\u00f3n.<\/p>\n<p>\u201cEl gobernador ha sido muy claro en su compromiso: vamos a hacer todos los esfuerzos para que los salarios le ganen a la inflaci\u00f3n. Por eso esta propuesta contempla no s\u00f3lo los aumentos con los haberes de marzo y junio, sino tambi\u00e9n el di\u00e1logo permanente como mecanismo para mejorar el acuerdo en caso de que sea necesario\u201d, expres\u00f3 M\u00fcller tras la reuni\u00f3n.<\/p>\n<p>\u201cAl igual que con la paritaria del a\u00f1o pasado, vamos a cumplir con la palabra empe\u00f1ada\u201d, subray\u00f3.<\/p>\n<p>Por \u00faltimo, el titular de la cartera educativa resalt\u00f3 que \u201ceste a\u00f1o vamos a comenzar un calendario escolar con m\u00e1s d\u00edas de clases y jornadas escolares extendidas. Vamos a hacer todo lo necesario para que no se pierdan d\u00edas de clases y que nuestros ni\u00f1os, ni\u00f1as y adolescentes encuentren en la escuela el \u00e1mbito para estudiar, conocer, crecer y desarrollarse. La pol\u00edtica salarial es un componente importante y para ello es importante que podamos dialogar para llegar a los mejores acuerdos\u201d.<\/p>\n<p>Presidieron la reuni\u00f3n paritaria el secretario de Trabajo, \u00c1ngel Zacar\u00edas, y el coordinador Armando Ferrari.<\/p>\n<p>En representaci\u00f3n del gobierno provincial participaron M\u00fcller; la vocal del CGE, Griselda Di Lello; la directora de Asuntos Jur\u00eddicos, Miriam Clari\u00e1; el secretario general, Pablo Vittor, y el asesor, N\u00e9stor Griffoni.<\/p>\n<p>Por parte de Agmer, participaron el secretario General, Marcelo Pagani; la secretaria Adjunta, Ana Delaloye; el secretario Gremial, Guillermo Zampedri; el miembro paritario, Juan Carlos Crettaz y la vocal Susana Cogno.<\/p>\n<p>Tambi\u00e9n asistieron el secretario Adjunto de AMET, Carlos Varela; y en representaci\u00f3n de Sadop, la secretaria adjunta, Alejandra Franck, y la secretaria gremial, Katerina Arce.<\/p>\n","protected":false},"excerpt":{"rendered":"<p>El Gobierno provincial y los sindicatos docentes volvieron a reunirse en paritarias este martes. Se propuso un aumento del 28% para el primer semestre y volver a reunirse en julio. Si la inflaci\u00f3n supera ese porcentaje antes de junio, se adelantar\u00e1 el di\u00e1logo &nbsp; &nbsp; El encuentro se desarroll\u00f3 este martes al mediod\u00eda en la Secretar\u00eda de Trabajo. En ese marco, el presidente del Consejo General de Educaci\u00f3n (CGE), Mart\u00edn M\u00fcller, expuso la propuesta de la provincia para este a\u00f1o. Se pas\u00f3 a un cuarto intermedio hasta el viernes 17&#8230;<\/p>\n","protected":false},"author":3,"featured_media":97712,"comment_status":"closed","ping_status":"closed","sticky":false,"template":"","format":"standard","meta":[],"categories":[9,15],"tags":[],"_links":{"self":[{"href":"https:\/\/www.actualidadadiario.com\/index.php\/wp-json\/wp\/v2\/posts\/97711"}],"collection":[{"href":"https:\/\/www.actualidadadiario.com\/index.php\/wp-json\/wp\/v2\/posts"}],"about":[{"href":"https:\/\/www.actualidadadiario.com\/index.php\/wp-json\/wp\/v2\/types\/post"}],"author":[{"embeddable":true,"href":"https:\/\/www.actualidadadiario.com\/index.php\/wp-json\/wp\/v2\/users\/3"}],"replies":[{"embeddable":true,"href":"https:\/\/www.actualidadadiario.com\/index.php\/wp-json\/wp\/v2\/comments?post=97711"}],"version-history":[{"count":1,"href":"https:\/\/www.actualidadadiario.com\/index.php\/wp-json\/wp\/v2\/posts\/97711\/revisions"}],"predecessor-version":[{"id":97713,"href":"https:\/\/www.actualidadadiario.com\/index.php\/wp-json\/wp\/v2\/posts\/97711\/revisions\/97713"}],"wp:featuredmedia":[{"embeddable":true,"href":"https:\/\/www.actualidadadiario.com\/index.php\/wp-json\/wp\/v2\/media\/97712"}],"wp:attachment":[{"href":"https:\/\/www.actualidadadiario.com\/index.php\/wp-json\/wp\/v2\/media?parent=97711"}],"wp:term":[{"taxonomy":"category","embeddable":true,"href":"https:\/\/www.actualidadadiario.com\/index.php\/wp-json\/wp\/v2\/categories?post=97711"},{"taxonomy":"post_tag","embeddable":true,"href":"https:\/\/www.actualidadadiario.com\/index.php\/wp-json\/wp\/v2\/tags?post=97711"}],"curies":[{"name":"wp","href":"https:\/\/api.w.org\/{rel}","templated":true}]}}