{"id":97705,"date":"2023-02-14T13:40:07","date_gmt":"2023-02-14T16:40:07","guid":{"rendered":"https:\/\/www.actualidadadiario.com\/?p=97705"},"modified":"2023-02-14T13:40:07","modified_gmt":"2023-02-14T16:40:07","slug":"cresto-nego-haber-tocado-a-una-joven-tras-la-viralizacion-de-un-video","status":"publish","type":"post","link":"https:\/\/www.actualidadadiario.com\/index.php\/2023\/02\/14\/cresto-nego-haber-tocado-a-una-joven-tras-la-viralizacion-de-un-video\/","title":{"rendered":"Cresto neg\u00f3 haber tocado a una joven tras la viralizaci\u00f3n de un video"},"content":{"rendered":"<p style=\"text-align: center;\"><em><strong>Tras la exposici\u00f3n medi\u00e1tica que tuvo un video de la \u00faltima noche de carnaval, el intendente Enrique Cresto us\u00f3 sus redes sociales para responder que \u201cnada de lo que se pretende dar a entender con este video corresponde a la realidad\u201d<\/strong><\/em><\/p>\n<p>&nbsp;<\/p>\n<p>&nbsp;<\/p>\n<p>La secuencia se viraliz\u00f3 a trav\u00e9s de redes sociales durante este lunes. El jefe comunal fue se\u00f1alado de haber tocado la cola a una joven que le pidi\u00f3 una foto, seg\u00fan un video de la transmisi\u00f3n visual que realiz\u00f3 la Radio Municipal.<\/p>\n<p>Medios capitalinos lo tuvieron como uno de sus temas principales durante la tarde y el tratamiento del hecho se nacionaliz\u00f3.<\/p>\n<p>Mientras tanto, en las primeras horas de la noche de este lunes, el colectivo de \u201cPeriodistas Feministas de Entre R\u00edos\u201d manifestaron su \u201crepudio\u201d ante las im\u00e1genes que han circulado en las redes.<\/p>\n<p>&nbsp;<\/p>\n<p><strong>Tras todo esto, el intendente de Concordia emiti\u00f3 el siguiente comunicado:<\/strong><\/p>\n<p><em>En los \u00faltimos d\u00edas se viraliz\u00f3 un v\u00eddeo que &#8211; recortado y desde una determinada perspectiva &#8211; pretende mostrarme en una actitud indecorosa durante el \u00faltimo desfile del Carnaval de Concordia.<\/em><\/p>\n<p><em>El registro fue realizado cuando me entrevistaron para un canal de Paran\u00e1 y una espectadora se acerc\u00f3 a pedirme una fotograf\u00eda (como hacen tantas personas en cualquiera de los eventos y actividades en las que participamos).<\/em><\/p>\n<p><em>Acced\u00ed a su solicitud, la joven se ubic\u00f3 a mi lado, tomamos la fotograf\u00eda y luego volvi\u00f3 a su lugar. No ocurri\u00f3 nada m\u00e1s, como podr\u00e1n atestiguar las personas que &#8211; por encontrarse en este sector del cors\u00f3dromo &#8211; pudieron haber presenciado esta escena.<\/em><\/p>\n<p><em>Esta situaci\u00f3n fue tomada, desde atr\u00e1s, por uno de los medios que transmit\u00edan el Carnaval y hubo una persona que, con evidente intencionalidad, vio la oportunidad de editar y difundir un corte de esta secuencia se\u00f1alando que hubo un roce indebido de mi parte.<\/em><\/p>\n<p><em>Al respecto, afirmo y reitero que esto no fue as\u00ed y que nada de lo que se pretende dar a entender con este video corresponde a la realidad.<\/em><\/p>\n<p><em>Al d\u00eda de hoy, varias personas y medios de comunicaci\u00f3n difunden insistentemente este video. Algunos lo hacen por morbosidad o diversi\u00f3n, otros con la clara pretensi\u00f3n de hacernos da\u00f1o y algunos m\u00e1s por mera diversi\u00f3n.<\/em><\/p>\n<p><em>En consecuencia, estimo necesario hacer p\u00fablica esta declaraci\u00f3n en defensa del buen nombre, el honor y la integridad de mi familia.<\/em><\/p>\n<p><em>Quienes nos dedicamos a la pol\u00edtica con pasi\u00f3n y convicci\u00f3n, tenemos en claro que estamos expuestos a este tipo de operaciones, as\u00ed como tambi\u00e9n a la difusi\u00f3n permanente de rumores y falsas noticias.<\/em><\/p>\n<p><em>De cualquier modo, me duele que mis hijos y mi esposa tengan que pasar este mal momento, aun en el convencimiento de que, como siempre que nos atacan, vamos a salir todav\u00eda m\u00e1s fortalecidos.<\/em><\/p>\n<p><em>Considero tambi\u00e9n que deber\u00edan repensar su accionar las personas que propagan este video, sin tomar en cuenta que exponen p\u00fablicamente a la joven que aparece en el mismo.<\/em><\/p>\n<p><em>Con ella, me solidarizo y le expreso todo mi acompa\u00f1amiento, as\u00ed como tambi\u00e9n a su familia. Lamento que tengan que atravesar esta situaci\u00f3n y me preocupa profundamente que, en su af\u00e1n por montar un esc\u00e1ndalo y explotar esta \u201cfake news\u201d, haya medios y personas que perjudiquen de esta manera a una familia concordiense, sin medir da\u00f1os ni consecuencias.<\/em><\/p>\n<p><em>Por otra parte, s\u00e9 muy bien que en la medida que avancemos en este proceso electoral habr\u00e1 operaciones, ataques y acusaciones de todo tipo. En cada campa\u00f1a, lo primero que ponen en marcha nuestros adversarios son las m\u00e1quinas de mentir, difamar y calumniar.<\/em><\/p>\n<p><em>De todos modos, estoy dispuesto a enfrentarlos como siempre lo hice: con la frente en alto y la mirada puesta en los objetivos que nos trazamos.<\/em><\/p>\n<p><em>Muchas gracias a las amistades y afectos que llamaron y enviaron mensajes en los \u00faltimos d\u00edas. Les pido que est\u00e9n tranquilos y que no se preocupen. Nada de esto no empa\u00f1a todo lo positivo que construimos en estos a\u00f1os ni condiciona todo lo que vamos a hacer de ac\u00e1 en adelante.<\/em><\/p>\n<p><em>Un fuerte abrazo para todos.<\/em><\/p>\n","protected":false},"excerpt":{"rendered":"<p>Tras la exposici\u00f3n medi\u00e1tica que tuvo un video de la \u00faltima noche de carnaval, el intendente Enrique Cresto us\u00f3 sus redes sociales para responder que \u201cnada de lo que se pretende dar a entender con este video corresponde a la realidad\u201d &nbsp; &nbsp; La secuencia se viraliz\u00f3 a trav\u00e9s de redes sociales durante este lunes. El jefe comunal fue se\u00f1alado de haber tocado la cola a una joven que le pidi\u00f3 una foto, seg\u00fan un video de la transmisi\u00f3n visual que realiz\u00f3 la Radio Municipal. Medios capitalinos lo tuvieron como&#8230;<\/p>\n","protected":false},"author":3,"featured_media":97706,"comment_status":"closed","ping_status":"closed","sticky":false,"template":"","format":"standard","meta":[],"categories":[15],"tags":[],"_links":{"self":[{"href":"https:\/\/www.actualidadadiario.com\/index.php\/wp-json\/wp\/v2\/posts\/97705"}],"collection":[{"href":"https:\/\/www.actualidadadiario.com\/index.php\/wp-json\/wp\/v2\/posts"}],"about":[{"href":"https:\/\/www.actualidadadiario.com\/index.php\/wp-json\/wp\/v2\/types\/post"}],"author":[{"embeddable":true,"href":"https:\/\/www.actualidadadiario.com\/index.php\/wp-json\/wp\/v2\/users\/3"}],"replies":[{"embeddable":true,"href":"https:\/\/www.actualidadadiario.com\/index.php\/wp-json\/wp\/v2\/comments?post=97705"}],"version-history":[{"count":1,"href":"https:\/\/www.actualidadadiario.com\/index.php\/wp-json\/wp\/v2\/posts\/97705\/revisions"}],"predecessor-version":[{"id":97707,"href":"https:\/\/www.actualidadadiario.com\/index.php\/wp-json\/wp\/v2\/posts\/97705\/revisions\/97707"}],"wp:featuredmedia":[{"embeddable":true,"href":"https:\/\/www.actualidadadiario.com\/index.php\/wp-json\/wp\/v2\/media\/97706"}],"wp:attachment":[{"href":"https:\/\/www.actualidadadiario.com\/index.php\/wp-json\/wp\/v2\/media?parent=97705"}],"wp:term":[{"taxonomy":"category","embeddable":true,"href":"https:\/\/www.actualidadadiario.com\/index.php\/wp-json\/wp\/v2\/categories?post=97705"},{"taxonomy":"post_tag","embeddable":true,"href":"https:\/\/www.actualidadadiario.com\/index.php\/wp-json\/wp\/v2\/tags?post=97705"}],"curies":[{"name":"wp","href":"https:\/\/api.w.org\/{rel}","templated":true}]}}