{"id":97703,"date":"2023-02-14T13:39:24","date_gmt":"2023-02-14T16:39:24","guid":{"rendered":"https:\/\/www.actualidadadiario.com\/?p=97703"},"modified":"2023-02-14T13:39:24","modified_gmt":"2023-02-14T16:39:24","slug":"este-martes-se-realizara-la-sesion-preparatoria-de-la-camara-de-diputados","status":"publish","type":"post","link":"https:\/\/www.actualidadadiario.com\/index.php\/2023\/02\/14\/este-martes-se-realizara-la-sesion-preparatoria-de-la-camara-de-diputados\/","title":{"rendered":"Este martes se realizar\u00e1 la sesi\u00f3n preparatoria de la C\u00e1mara de Diputados"},"content":{"rendered":"<p style=\"text-align: center;\"><em><strong>Previo a la Asamblea Legislativa que encabezar\u00e1 este mi\u00e9rcoles el gobernador Gustavo Bordet, este martes se llevar\u00e1 a cabo la Sesi\u00f3n Preparatoria del 144\u00ba Per\u00edodo Legislativo de la C\u00e1mara de Diputados. Ser\u00e1 en el Recinto a partir de las 19<\/strong><\/em><\/p>\n<p>&nbsp;<\/p>\n<p>&nbsp;<\/p>\n<p>El gobernador Gustavo Bordet se dirigir\u00e1 ante la Asamblea Legislativa este mi\u00e9rcoles a partir de las 19 en el Centro Provincial de Convenciones de Paran\u00e1 para inaugurar el 144\u00ba Per\u00edodo Legislativo y hacer un repaso de su \u00faltimo a\u00f1o de gesti\u00f3n y tambi\u00e9n el \u00faltimo de este segundo mandato.<\/p>\n<p>Previamente, este martes, las y los diputados provinciales llevar\u00e1n a cabo la Sesi\u00f3n Preparatoria, en donde adem\u00e1s de inaugurar este nuevo per\u00edodo, renovar\u00e1n las autoridades de la C\u00e1mara y elegir\u00e1n los d\u00edas y horarios de las sesiones.<\/p>\n<p>Adem\u00e1s, definir\u00e1n c\u00f3mo estar\u00e1n conformadas las Comisiones.<\/p>\n<p>La sesi\u00f3n se realizar\u00e1 en el recinto de la C\u00e1mara a partir de las 19 y ser\u00e1 transmitido en vivo por el canal oficial de YouTube y por Diputados Medio (radio y tv).<\/p>\n","protected":false},"excerpt":{"rendered":"<p>Previo a la Asamblea Legislativa que encabezar\u00e1 este mi\u00e9rcoles el gobernador Gustavo Bordet, este martes se llevar\u00e1 a cabo la Sesi\u00f3n Preparatoria del 144\u00ba Per\u00edodo Legislativo de la C\u00e1mara de Diputados. Ser\u00e1 en el Recinto a partir de las 19 &nbsp; &nbsp; El gobernador Gustavo Bordet se dirigir\u00e1 ante la Asamblea Legislativa este mi\u00e9rcoles a partir de las 19 en el Centro Provincial de Convenciones de Paran\u00e1 para inaugurar el 144\u00ba Per\u00edodo Legislativo y hacer un repaso de su \u00faltimo a\u00f1o de gesti\u00f3n y tambi\u00e9n el \u00faltimo de este segundo&#8230;<\/p>\n","protected":false},"author":3,"featured_media":95704,"comment_status":"closed","ping_status":"closed","sticky":false,"template":"","format":"standard","meta":[],"categories":[15],"tags":[],"_links":{"self":[{"href":"https:\/\/www.actualidadadiario.com\/index.php\/wp-json\/wp\/v2\/posts\/97703"}],"collection":[{"href":"https:\/\/www.actualidadadiario.com\/index.php\/wp-json\/wp\/v2\/posts"}],"about":[{"href":"https:\/\/www.actualidadadiario.com\/index.php\/wp-json\/wp\/v2\/types\/post"}],"author":[{"embeddable":true,"href":"https:\/\/www.actualidadadiario.com\/index.php\/wp-json\/wp\/v2\/users\/3"}],"replies":[{"embeddable":true,"href":"https:\/\/www.actualidadadiario.com\/index.php\/wp-json\/wp\/v2\/comments?post=97703"}],"version-history":[{"count":1,"href":"https:\/\/www.actualidadadiario.com\/index.php\/wp-json\/wp\/v2\/posts\/97703\/revisions"}],"predecessor-version":[{"id":97704,"href":"https:\/\/www.actualidadadiario.com\/index.php\/wp-json\/wp\/v2\/posts\/97703\/revisions\/97704"}],"wp:featuredmedia":[{"embeddable":true,"href":"https:\/\/www.actualidadadiario.com\/index.php\/wp-json\/wp\/v2\/media\/95704"}],"wp:attachment":[{"href":"https:\/\/www.actualidadadiario.com\/index.php\/wp-json\/wp\/v2\/media?parent=97703"}],"wp:term":[{"taxonomy":"category","embeddable":true,"href":"https:\/\/www.actualidadadiario.com\/index.php\/wp-json\/wp\/v2\/categories?post=97703"},{"taxonomy":"post_tag","embeddable":true,"href":"https:\/\/www.actualidadadiario.com\/index.php\/wp-json\/wp\/v2\/tags?post=97703"}],"curies":[{"name":"wp","href":"https:\/\/api.w.org\/{rel}","templated":true}]}}