{"id":97697,"date":"2023-02-14T13:38:03","date_gmt":"2023-02-14T16:38:03","guid":{"rendered":"https:\/\/www.actualidadadiario.com\/?p=97697"},"modified":"2023-02-14T13:38:03","modified_gmt":"2023-02-14T16:38:03","slug":"a-pesar-de-la-ola-de-calor-desde-enersa-destacaron-que-el-sistema-electrico-provincial-respondio-con-normalidad","status":"publish","type":"post","link":"https:\/\/www.actualidadadiario.com\/index.php\/2023\/02\/14\/a-pesar-de-la-ola-de-calor-desde-enersa-destacaron-que-el-sistema-electrico-provincial-respondio-con-normalidad\/","title":{"rendered":"A pesar de la ola de calor, desde Enersa destacaron que el sistema el\u00e9ctrico provincial respondi\u00f3 con normalidad"},"content":{"rendered":"<p style=\"text-align: center;\"><em><strong>Enersa inform\u00f3 que, el domingo 12 de febrero a las 16:00 y como consecuencia de una fuerte ola de calor, se registr\u00f3 un m\u00e1ximo de demanda para un domingo de verano de 821 MW en la provincia. Con estas cifras, y a pesar de que Entre R\u00edos fue una de las provincias m\u00e1s calurosas del pa\u00eds, el sistema el\u00e9ctrico provincial respondi\u00f3 con normalidad<\/strong><\/em><\/p>\n<p>&nbsp;<\/p>\n<p>&nbsp;<\/p>\n<p>Cabe aclarar que, durante la primera quincena de febrero, la demanda creci\u00f3 en un 21,7% con respecto al a\u00f1o anterior, producto de las altas temperaturas sostenidas que se vienen registrando.<\/p>\n<p>\u201cHay dos factores primordiales que contribuyen a que no hayamos tenido inconvenientes en el servicio el\u00e9ctrico\u201d, explic\u00f3 el presidente de Enersa, Ramiro Caminos. \u201cPor un lado, planificamos y realizamos las inversiones necesarias en el marco del Plan Verano 2022-2023 para garantizar la correcta operaci\u00f3n del sistema y acompa\u00f1ar la evoluci\u00f3n de la demanda; y, por el otro, seguimos promoviendo la cultura del uso responsable de la energ\u00eda\u201d.<\/p>\n<p>Si bien se espera un alivio para los pr\u00f3ximos d\u00edas, a\u00fan falta tiempo para que termine el verano, por lo que Enersa insiste en el uso responsable de la energ\u00eda:<\/p>\n<p>&nbsp;<\/p>\n<p><strong>Aire acondicionado<\/strong><\/p>\n<ul>\n<li>Regularlo en 24\u00b0 (Por cada grado inferior a esa temperatura, el consumo aumenta entre un 5% y 7%).<\/li>\n<li>En caso de contar con m\u00e1s de uno en el domicilio, no utilizarlos todos al mismo tiempo.<\/li>\n<li>Apagarlo una vez que el ambiente est\u00e9 refrigerado.<\/li>\n<li>Verificar que las puertas y ventanas est\u00e9n cerradas para mantener el ambiente climatizado.<\/li>\n<li>Limpiar peri\u00f3dicamente los filtros.<\/li>\n<\/ul>\n<p>&nbsp;<\/p>\n<p><strong>Iluminaci\u00f3n<\/strong><\/p>\n<ul>\n<li>Evitar dejar las luces encendidas si no se utilizan.<\/li>\n<li>Aprovechar la luz natural al m\u00e1ximo.<\/li>\n<li>Utilizar focos LED, ya que requieren menos energ\u00eda y duran m\u00e1s.<\/li>\n<li>Mantener limpios los focos. La tierra acumulada disminuye la intensidad lum\u00ednica en un 50%.<\/li>\n<\/ul>\n<p>&nbsp;<\/p>\n<p><strong>Energ\u00eda en espera<\/strong><\/p>\n<ul>\n<li>Desenchufar aquellos artefactos el\u00e9ctricos que permanecen conectados a la red sin estar encendidos (cargadores de celulares, equipos de m\u00fasica, hornos de microondas, consolas de video juegos, etc.) ya que consumen electricidad de todas formas.<\/li>\n<li>Apagar la computadora si no se la utiliza (una PC en modo de espera equivale hasta un 70% de su consumo en modo encendido.<\/li>\n<\/ul>\n<p>&nbsp;<\/p>\n<p>Para conocer todos los consejos sobre el uso responsable de la energ\u00eda el\u00e9ctrica, entrar a: https:\/\/www.enersa.com.ar\/uso-responsable-de-la-energia\/<\/p>\n","protected":false},"excerpt":{"rendered":"<p>Enersa inform\u00f3 que, el domingo 12 de febrero a las 16:00 y como consecuencia de una fuerte ola de calor, se registr\u00f3 un m\u00e1ximo de demanda para un domingo de verano de 821 MW en la provincia. Con estas cifras, y a pesar de que Entre R\u00edos fue una de las provincias m\u00e1s calurosas del pa\u00eds, el sistema el\u00e9ctrico provincial respondi\u00f3 con normalidad &nbsp; &nbsp; Cabe aclarar que, durante la primera quincena de febrero, la demanda creci\u00f3 en un 21,7% con respecto al a\u00f1o anterior, producto de las altas temperaturas&#8230;<\/p>\n","protected":false},"author":3,"featured_media":97698,"comment_status":"closed","ping_status":"closed","sticky":false,"template":"","format":"standard","meta":[],"categories":[15],"tags":[],"_links":{"self":[{"href":"https:\/\/www.actualidadadiario.com\/index.php\/wp-json\/wp\/v2\/posts\/97697"}],"collection":[{"href":"https:\/\/www.actualidadadiario.com\/index.php\/wp-json\/wp\/v2\/posts"}],"about":[{"href":"https:\/\/www.actualidadadiario.com\/index.php\/wp-json\/wp\/v2\/types\/post"}],"author":[{"embeddable":true,"href":"https:\/\/www.actualidadadiario.com\/index.php\/wp-json\/wp\/v2\/users\/3"}],"replies":[{"embeddable":true,"href":"https:\/\/www.actualidadadiario.com\/index.php\/wp-json\/wp\/v2\/comments?post=97697"}],"version-history":[{"count":1,"href":"https:\/\/www.actualidadadiario.com\/index.php\/wp-json\/wp\/v2\/posts\/97697\/revisions"}],"predecessor-version":[{"id":97699,"href":"https:\/\/www.actualidadadiario.com\/index.php\/wp-json\/wp\/v2\/posts\/97697\/revisions\/97699"}],"wp:featuredmedia":[{"embeddable":true,"href":"https:\/\/www.actualidadadiario.com\/index.php\/wp-json\/wp\/v2\/media\/97698"}],"wp:attachment":[{"href":"https:\/\/www.actualidadadiario.com\/index.php\/wp-json\/wp\/v2\/media?parent=97697"}],"wp:term":[{"taxonomy":"category","embeddable":true,"href":"https:\/\/www.actualidadadiario.com\/index.php\/wp-json\/wp\/v2\/categories?post=97697"},{"taxonomy":"post_tag","embeddable":true,"href":"https:\/\/www.actualidadadiario.com\/index.php\/wp-json\/wp\/v2\/tags?post=97697"}],"curies":[{"name":"wp","href":"https:\/\/api.w.org\/{rel}","templated":true}]}}