{"id":97695,"date":"2023-02-14T13:37:13","date_gmt":"2023-02-14T16:37:13","guid":{"rendered":"https:\/\/www.actualidadadiario.com\/?p=97695"},"modified":"2023-02-14T13:37:13","modified_gmt":"2023-02-14T16:37:13","slug":"con-agenda-de-campana-alberto-fernandez-visita-catamarca-y-suma-aliados-a-la-mesa-politica","status":"publish","type":"post","link":"https:\/\/www.actualidadadiario.com\/index.php\/2023\/02\/14\/con-agenda-de-campana-alberto-fernandez-visita-catamarca-y-suma-aliados-a-la-mesa-politica\/","title":{"rendered":"Con agenda de campa\u00f1a, Alberto Fern\u00e1ndez visita Catamarca y suma aliados a la mesa pol\u00edtica"},"content":{"rendered":"<p style=\"text-align: center;\"><em><strong>El Presidente busca llegar a la cumbre del Frente de Todos con un mayor consenso. El gobernador de Catamarca forma parte del grupo de aliados que avalan las PASO y no desdoblar\u00e1 las elecciones provinciales de las nacionales<\/strong><\/em><\/p>\n<p>&nbsp;<\/p>\n<p>&nbsp;<\/p>\n<p>&nbsp;<\/p>\n<p>Cuando faltan apenas dos d\u00edas para la cumbre de la mesa pol\u00edtica, Alberto Fern\u00e1ndez busca sumar aliados, en este caso, el gobernador de Catamarca, Ra\u00fal Jalil, uno de los pocos que decidi\u00f3 no desdoblar las elecciones y se votar\u00e1 en la misma fecha de las nacionales.<\/p>\n<p>La provincia es una de las pocas que acatar\u00e1n el calendario electoral que defini\u00f3 la Casa Rosada. El mandatario provincial pelear\u00e1 por la reelecci\u00f3n, al igual que planea hacerlo el Presidente. En el viaje a Catamarca, no s\u00f3lo habr\u00e1 actividades de gesti\u00f3n sino tambi\u00e9n pol\u00edtica. La mesa pol\u00edtica del Frente de Todos mostrar\u00e1 quienes juegan a favor o en contra del jefe de Estado, sobre todo en las intenciones de competir por un segundo mandato.<\/p>\n<p>El Presidente recorre el pa\u00eds en modo de campa\u00f1a y busca consensos que avalen una nueva candidatura, uno de los temas cruciales que se pondr\u00e1n sobre la mesa el jueves durante la reuni\u00f3n en la sede del PJ. Dentro de pocas horas, Alberto deber\u00e1 demostrar que tiene apoyo pol\u00edtico, y hoy buscar\u00e1 reforzarlo en el viaje a Catamarca.<\/p>\n<p>El Gobierno adem\u00e1s encontr\u00f3 un aliado en Jalil a favor de las elecciones primarias, al contrario de lo que impulsaron otros gobernadores del Norte y el kirchnerismo. Alberto es uno de los grandes defensores de que las candidaturas de definan en las PASO.<\/p>\n<p>El gobernador de Catamarca fue uno de los que respald\u00f3 la convocatoria de Alberto Fern\u00e1ndez de una mesa pol\u00edtica para la conformaci\u00f3n de las reglas electores del Frente de Todos. &#8220;Acompa\u00f1amos la convocatoria del presidente Alberto Fern\u00e1ndez para dialogar sobre el camino pol\u00edtico a seguir en 2023&#8221;, escribi\u00f3 el mandatario provincial en su cuenta de Twitter.<\/p>\n<p>&#8220;Es clave continuar con las pol\u00edticas federales que nos han dado la posibilidad de ser una de las provincias que m\u00e1s empleo privado ha generado en este tiempo&#8221;, agreg\u00f3 Jalil, el primer gobernador en expresar su opini\u00f3n sobre el llamado del Presidente.<\/p>\n<p>La actividad oficial en suelo catamarque\u00f1o ser\u00e1 para inaugurar las primeras 32 viviendas del programa Casa Activa destinada a los adultos mayores en San Fernando del Valle de Catamarca, donde estar\u00e1 acompa\u00f1ado por el gobernador y los ministros leales, Santiago Maggiotti de Desarrollo Territorial y H\u00e1bitat; Victoria Tolosa Paz de Desarrollo Social y Ayel\u00e9n Mazzina de Mujeres, G\u00e9neros y Diversidad.<\/p>\n<p>&#8220;Casa Activa&#8221; forma parte de un proyecto que incluye un centro de contenci\u00f3n para personas mayores que cuenta con comedor, cocinas industriales, pileta techada, gimnasio, talleres, y enfermer\u00edas.<\/p>\n<p>&nbsp;<\/p>\n","protected":false},"excerpt":{"rendered":"<p>El Presidente busca llegar a la cumbre del Frente de Todos con un mayor consenso. El gobernador de Catamarca forma parte del grupo de aliados que avalan las PASO y no desdoblar\u00e1 las elecciones provinciales de las nacionales &nbsp; &nbsp; &nbsp; Cuando faltan apenas dos d\u00edas para la cumbre de la mesa pol\u00edtica, Alberto Fern\u00e1ndez busca sumar aliados, en este caso, el gobernador de Catamarca, Ra\u00fal Jalil, uno de los pocos que decidi\u00f3 no desdoblar las elecciones y se votar\u00e1 en la misma fecha de las nacionales. La provincia es&#8230;<\/p>\n","protected":false},"author":3,"featured_media":92274,"comment_status":"closed","ping_status":"closed","sticky":false,"template":"","format":"standard","meta":[],"categories":[18],"tags":[],"_links":{"self":[{"href":"https:\/\/www.actualidadadiario.com\/index.php\/wp-json\/wp\/v2\/posts\/97695"}],"collection":[{"href":"https:\/\/www.actualidadadiario.com\/index.php\/wp-json\/wp\/v2\/posts"}],"about":[{"href":"https:\/\/www.actualidadadiario.com\/index.php\/wp-json\/wp\/v2\/types\/post"}],"author":[{"embeddable":true,"href":"https:\/\/www.actualidadadiario.com\/index.php\/wp-json\/wp\/v2\/users\/3"}],"replies":[{"embeddable":true,"href":"https:\/\/www.actualidadadiario.com\/index.php\/wp-json\/wp\/v2\/comments?post=97695"}],"version-history":[{"count":1,"href":"https:\/\/www.actualidadadiario.com\/index.php\/wp-json\/wp\/v2\/posts\/97695\/revisions"}],"predecessor-version":[{"id":97696,"href":"https:\/\/www.actualidadadiario.com\/index.php\/wp-json\/wp\/v2\/posts\/97695\/revisions\/97696"}],"wp:featuredmedia":[{"embeddable":true,"href":"https:\/\/www.actualidadadiario.com\/index.php\/wp-json\/wp\/v2\/media\/92274"}],"wp:attachment":[{"href":"https:\/\/www.actualidadadiario.com\/index.php\/wp-json\/wp\/v2\/media?parent=97695"}],"wp:term":[{"taxonomy":"category","embeddable":true,"href":"https:\/\/www.actualidadadiario.com\/index.php\/wp-json\/wp\/v2\/categories?post=97695"},{"taxonomy":"post_tag","embeddable":true,"href":"https:\/\/www.actualidadadiario.com\/index.php\/wp-json\/wp\/v2\/tags?post=97695"}],"curies":[{"name":"wp","href":"https:\/\/api.w.org\/{rel}","templated":true}]}}