{"id":97693,"date":"2023-02-14T13:36:17","date_gmt":"2023-02-14T16:36:17","guid":{"rendered":"https:\/\/www.actualidadadiario.com\/?p=97693"},"modified":"2023-02-14T13:36:17","modified_gmt":"2023-02-14T16:36:17","slug":"diputados-el-oficialismo-negocia-para-romper-el-bloqueo-opositor","status":"publish","type":"post","link":"https:\/\/www.actualidadadiario.com\/index.php\/2023\/02\/14\/diputados-el-oficialismo-negocia-para-romper-el-bloqueo-opositor\/","title":{"rendered":"Diputados: El oficialismo negocia para romper el bloqueo opositor"},"content":{"rendered":"<p style=\"text-align: center;\"><em><strong>La bancada del FdT baraja dos posibles fechas para llevar al recinto el Plan de Pago de Deuda Previsional: el 23 y el 28 de febrero. Ya convoc\u00f3 a una audiencia p\u00fablica para este mi\u00e9rcoles, donde la titular de la Anses, organizaciones de adultos mayores y gremios expondr\u00e1n sobre la urgencia para tratar el proyecto<\/strong><\/em><\/p>\n<p>&nbsp;<\/p>\n<p>&nbsp;<\/p>\n<p>El Frente de Todos busca romper el bloqueo que Juntos por el Cambio impuso en la C\u00e1mara de Diputados, en rechazo al juicio pol\u00edtico a los miembros de la Corte Suprema de Justicia. Desde la bancada oficialista se convoc\u00f3 para este mi\u00e9rcoles a una audiencia p\u00fablica para insistir en el Plan de Pago de Deuda Previsional \u2013que permitir\u00eda a unas 800 mil personas acceder a la jubilaci\u00f3n\u2013, en la que expondr\u00e1n adultos mayores, sindicatos y autoridades de la Anses. Al mismo tiempo, negocia para sumar voluntades entre otros bloques opositores para llevar al recinto \u2013antes de fin de mes\u2013 el proyecto que ya tiene media sanci\u00f3n del Senado y dictamen favorable de la C\u00e1mara baja, y que est\u00e1 paralizado por la postura adoptada por el principal interbloque opositor. Con el mismo objetivo, habr\u00e1 este martes otra audiencia p\u00fablica en el anexo de Diputados, donde expondr\u00e1n las comunidades educativas que promueven la creaci\u00f3n de cinco nuevas universidades nacionales, tambi\u00e9n frenadas por el bloqueo de JxC.<\/p>\n<p>El oficialismo juega todas sus fichas para intentar romper el bloqueo con que JxC hizo naufragar el basto temario que desde la Casa Rosada elaboraron para las sesiones extraordinarias. El esfuerzo del FdT para juntar el qu\u00f3rum que le permita sesionar estar\u00e1 puesto en uno de los proyectos que mayor adhesi\u00f3n concita entre otras bancadas opositoras: la moratoria previsional que facilitar\u00eda el acceso a la jubilaci\u00f3n a un universo de 800 mil trabajadores \u2013la mayor\u00eda mujeres\u2013 que tienen o se acercan a la edad para acceder al beneficio pero no completan los aportes necesarios.<\/p>\n<p>La audiencia p\u00fablica de este mi\u00e9rcoles, impulsada por la secretaria parlamentaria del bloque del FdT, Paula Penacca, y la diputada Gisela Marziotta, apunta a insistir en la importancia de aprobar el proyecto. \u201cJuntos por el Cambio viene obstaculizando el funcionamiento del Congreso. En la \u00faltima sesi\u00f3n que convocamos el a\u00f1o pasado no pudimos tratar este proyecto por falta de qu\u00f3rum por parte de la oposici\u00f3n\u201d, sostuvo Penacca y agreg\u00f3: \u201cHoy en Argentina 9 de cada 10 mujeres y 7 de cada 10 hombres no se pueden jubilar. Es fundamental avanzar en la sanci\u00f3n de este proyecto\u201d. \u201cEs la primera vez en 17 a\u00f1os que en la Argentina no tenemos vigente una moratoria, los trabajadores que no tienen los 30 a\u00f1os de aportes caen en la PUAM y cobran un 80 por ciento de la m\u00ednima que les corresponde y las mujeres se jubilan reci\u00e9n a los 65, en vez de a los 60 a\u00f1os\u201d, analiz\u00f3 Marziotta.<\/p>\n<p>Para el mi\u00e9rcoles est\u00e1n convocados una veintena de oradores. Entre ellos la titular de la Anses, Fernanda Raverta, organizaciones de adultos mayores, gremios, legisladores y abogados previsionalistas.<\/p>\n<p>En tanto, desde el bloque oficialista se trabaja en la construcci\u00f3n del qu\u00f3rum para sesionar. Hay negociaciones abiertas con distintos bloques opositores que estar\u00edan dispuestos a acompa\u00f1ar la iniciativa, como ya lo hab\u00edan expresado durante el debate en comisi\u00f3n. De acuerdo a los primeros c\u00e1lculos del FdT, a sus 118 integrantes podr\u00eda sumar a los cuatro del interbloque Provincias Unidas (alineados con las gobernaciones de R\u00edo Negro y Misiones); a los cuatro del Frente de Izquierda y al menos a cinco o seis de los ocho integrantes del Interbloque Federal (donde confluyen peronistas, lavagnistas bonaerenses, socialistas santafesinos y referentes del justicialismo que gobierna C\u00f3rdoba).<\/p>\n<p>Con asistencia perfecta se alcanzar\u00eda los 131 diputados, dos m\u00e1s que los 129 necesarios para abrir el debate en el recinto. De confirmarse estos n\u00fameros, el oficialismo baraja dos fechas para la convocatoria a sesionar. Una es el 23 de febrero. La otra es el 28 de este mes, un d\u00eda antes de que el presidente Alberto Fern\u00e1ndez abra el periodo de sesiones ordinarias ante la Asamblea Legislativa en el \u00faltimo a\u00f1o de su mandato, lo que garantizar\u00eda la presencia de la mayor\u00eda de los diputados en la Ciudad de Buenos Aires.<\/p>\n<p>Aunque JxC insiste en que no aportar\u00e1 al qu\u00f3rum, desde el interbloque opositor afirman que bajar\u00e1n al recinto para dar el debate si el FdT logra el n\u00famero para sesionar.<\/p>\n<p>Este martes habr\u00e1 otra audiencia p\u00fablica en la C\u00e1mara baja, en apoyo a la apertura de nuevas instituciones de educaci\u00f3n superior. Est\u00e1 previsto que expongan las comunidades educativas que impulsan la creaci\u00f3n de las universidades nacionales Juan L. Ortiz (Entre R\u00edos); Madres de Plaza de Mayo (CABA), Pilar, Delta, Cuenca del Salado, Ezeiza y Saladillo (provincia de Buenos Aires) y R\u00edo Tercero (C\u00f3rdoba). Los respectivos proyectos quedaron paralizados por el bloqueo de JxC al Congreso, pero hay sectores de la UCR (Evoluci\u00f3n Radical) que respaldan las propuestas para Entre R\u00edos y C\u00f3rdoba.<\/p>\n","protected":false},"excerpt":{"rendered":"<p>La bancada del FdT baraja dos posibles fechas para llevar al recinto el Plan de Pago de Deuda Previsional: el 23 y el 28 de febrero. Ya convoc\u00f3 a una audiencia p\u00fablica para este mi\u00e9rcoles, donde la titular de la Anses, organizaciones de adultos mayores y gremios expondr\u00e1n sobre la urgencia para tratar el proyecto &nbsp; &nbsp; El Frente de Todos busca romper el bloqueo que Juntos por el Cambio impuso en la C\u00e1mara de Diputados, en rechazo al juicio pol\u00edtico a los miembros de la Corte Suprema de Justicia&#8230;.<\/p>\n","protected":false},"author":3,"featured_media":95199,"comment_status":"closed","ping_status":"closed","sticky":false,"template":"","format":"standard","meta":[],"categories":[9],"tags":[],"_links":{"self":[{"href":"https:\/\/www.actualidadadiario.com\/index.php\/wp-json\/wp\/v2\/posts\/97693"}],"collection":[{"href":"https:\/\/www.actualidadadiario.com\/index.php\/wp-json\/wp\/v2\/posts"}],"about":[{"href":"https:\/\/www.actualidadadiario.com\/index.php\/wp-json\/wp\/v2\/types\/post"}],"author":[{"embeddable":true,"href":"https:\/\/www.actualidadadiario.com\/index.php\/wp-json\/wp\/v2\/users\/3"}],"replies":[{"embeddable":true,"href":"https:\/\/www.actualidadadiario.com\/index.php\/wp-json\/wp\/v2\/comments?post=97693"}],"version-history":[{"count":1,"href":"https:\/\/www.actualidadadiario.com\/index.php\/wp-json\/wp\/v2\/posts\/97693\/revisions"}],"predecessor-version":[{"id":97694,"href":"https:\/\/www.actualidadadiario.com\/index.php\/wp-json\/wp\/v2\/posts\/97693\/revisions\/97694"}],"wp:featuredmedia":[{"embeddable":true,"href":"https:\/\/www.actualidadadiario.com\/index.php\/wp-json\/wp\/v2\/media\/95199"}],"wp:attachment":[{"href":"https:\/\/www.actualidadadiario.com\/index.php\/wp-json\/wp\/v2\/media?parent=97693"}],"wp:term":[{"taxonomy":"category","embeddable":true,"href":"https:\/\/www.actualidadadiario.com\/index.php\/wp-json\/wp\/v2\/categories?post=97693"},{"taxonomy":"post_tag","embeddable":true,"href":"https:\/\/www.actualidadadiario.com\/index.php\/wp-json\/wp\/v2\/tags?post=97693"}],"curies":[{"name":"wp","href":"https:\/\/api.w.org\/{rel}","templated":true}]}}