{"id":97690,"date":"2023-02-14T13:35:32","date_gmt":"2023-02-14T16:35:32","guid":{"rendered":"https:\/\/www.actualidadadiario.com\/?p=97690"},"modified":"2023-02-14T13:35:32","modified_gmt":"2023-02-14T16:35:32","slug":"como-es-el-cronograma-de-produccion-de-pruebas-y-testigos-que-prepara-el-fdt-para-el-juicio-politica-a-la-corte","status":"publish","type":"post","link":"https:\/\/www.actualidadadiario.com\/index.php\/2023\/02\/14\/como-es-el-cronograma-de-produccion-de-pruebas-y-testigos-que-prepara-el-fdt-para-el-juicio-politica-a-la-corte\/","title":{"rendered":"C\u00f3mo es el cronograma de producci\u00f3n de pruebas y testigos que prepara el FDT para el juicio pol\u00edtica a la Corte"},"content":{"rendered":"<p style=\"text-align: center;\"><em><strong>El presidente del bloque del Frente de Todos en la C\u00e1mara de Diputados, Germ\u00e1n Mart\u00ednez, adelant\u00f3 que el pr\u00f3ximo jueves se explicar\u00e1 el tratamiento de las denuncias y remarc\u00f3 que cada medida de prueba que se presente la van a &#8220;poner en discusi\u00f3n con la propia Comisi\u00f3n de Juicio Pol\u00edtico&#8221;<\/strong><\/em><\/p>\n<p>&nbsp;<\/p>\n<p>&nbsp;<\/p>\n<p>Con el objetivo de avanzar en el juicio pol\u00edtico a la Corte, el Frente de Todos prepara un cronograma de producci\u00f3n de pruebas y testigos para presentar ante la comisi\u00f3n que preside Carolina Gaillard.<\/p>\n<p>\u201cVamos a presentar un plan de trabajo. Una vez abierta la investigaci\u00f3n, nos toca hacer un cronograma de desarrollo de las pruebas, citando testigos, expertos y generando medidas de pruebas que nos ayuden a dilucidar si las sospechas iniciales se consolidan\u201d, explic\u00f3 el presidente del bloque del Frente de Todos en la C\u00e1mara de Diputados, y miembro de la Comisi\u00f3n, Germ\u00e1n Mart\u00ednez.<\/p>\n<p>En ese sentido, indic\u00f3: \u201cCada medida de prueba que se presente la vamos a poner en discusi\u00f3n con la propia Comisi\u00f3n. Es un enorme avance institucional en el proceso de juicio pol\u00edtico\u201d.<\/p>\n<p>En principio, la comisi\u00f3n en la que aparecer\u00e1n los primeros testigos ser\u00e1 el 2 de marzo. La principal inc\u00f3gnita es si van a llamar a declarar los cuatro jueces de la Corte Suprema de Justicia &#8211; Horacio Rosatti, Carlos Rosenkrantz, Juan Carlos Maqueda y Ricardo Lorenzetti- y cu\u00e1ndo va a suceder eso.<\/p>\n<p>En este punto, Mart\u00ednez explic\u00f3 que \u201clos jueces de la Corte nunca van a estar sentados delante nuestro, excepto cuando sean invitados casi al final del proceso de la Comisi\u00f3n\u201d.<\/p>\n<p>Durante el proceso, el Frente de Todos tiene pensado llamar a varios testigos como por ejemplo la mano derecha del presidente de la Corte, Silvio Robles, y al ministro de Justicia y Seguridad en licencia de la Ciudad de Buenos Aires, Marcelo D\u00b4alessandro. En este caso, se los citar\u00e1 para que declaren y tienen la obligaci\u00f3n de asistir. Si no lo hacen, la presidencia de la Comisi\u00f3n le puede pedir a un juez que los vaya a buscar con la fuerza p\u00fablica.<\/p>\n<p>En paralelo, el oficialismo busca impulsar una sesi\u00f3n en la C\u00e1mara de Diputados antes del 28 de febrero, cuando culminan las sesiones ordinarias.<\/p>\n<p>Esta semana ser\u00eda bastante dif\u00edcil que el FDT logre reunir a los 11 diputados que le falta para alcanzar el qu\u00f3rum, Sin embargo, y aprovechando que los diputados de las provincias que conforman los bloques \u201cdel medio\u201d la pr\u00f3xima semana ya estar\u00e1n en la Ciudad de Buenos Aires para prepararse para el inicio de las sesiones ordinaras, el oficialismo buscar\u00e1 sumar voluntades.<\/p>\n<p>Entre los temas que propondr\u00e1 para una sesi\u00f3n corta aparecer\u00edan la creaci\u00f3n del Parque Nacional Laguna El Palmar, el R\u00e9gimen Previsional Diferencial para los trabajadores que se desempe\u00f1en o se hayan desempe\u00f1ado como combatientes de incendios forestales o rurales en organismos nacionales o provinciales de cajas transferidas. Con estos dos temas buscar\u00e1 convocar a los diputados de esas provincias que conforman el interbloque Federal y Provincias Unidas y de esa manera avanzar sin la necesidad de contar con el apoyo de los diputados de Juntos por el Cambio que mantienen su negativa de sesionar hasta que el oficialismo retire los pedidos de juicio pol\u00edtico a los jueces de la Corte.<\/p>\n","protected":false},"excerpt":{"rendered":"<p>El presidente del bloque del Frente de Todos en la C\u00e1mara de Diputados, Germ\u00e1n Mart\u00ednez, adelant\u00f3 que el pr\u00f3ximo jueves se explicar\u00e1 el tratamiento de las denuncias y remarc\u00f3 que cada medida de prueba que se presente la van a &#8220;poner en discusi\u00f3n con la propia Comisi\u00f3n de Juicio Pol\u00edtico&#8221; &nbsp; &nbsp; Con el objetivo de avanzar en el juicio pol\u00edtico a la Corte, el Frente de Todos prepara un cronograma de producci\u00f3n de pruebas y testigos para presentar ante la comisi\u00f3n que preside Carolina Gaillard. \u201cVamos a presentar un&#8230;<\/p>\n","protected":false},"author":3,"featured_media":97691,"comment_status":"closed","ping_status":"closed","sticky":false,"template":"","format":"standard","meta":[],"categories":[18],"tags":[],"_links":{"self":[{"href":"https:\/\/www.actualidadadiario.com\/index.php\/wp-json\/wp\/v2\/posts\/97690"}],"collection":[{"href":"https:\/\/www.actualidadadiario.com\/index.php\/wp-json\/wp\/v2\/posts"}],"about":[{"href":"https:\/\/www.actualidadadiario.com\/index.php\/wp-json\/wp\/v2\/types\/post"}],"author":[{"embeddable":true,"href":"https:\/\/www.actualidadadiario.com\/index.php\/wp-json\/wp\/v2\/users\/3"}],"replies":[{"embeddable":true,"href":"https:\/\/www.actualidadadiario.com\/index.php\/wp-json\/wp\/v2\/comments?post=97690"}],"version-history":[{"count":1,"href":"https:\/\/www.actualidadadiario.com\/index.php\/wp-json\/wp\/v2\/posts\/97690\/revisions"}],"predecessor-version":[{"id":97692,"href":"https:\/\/www.actualidadadiario.com\/index.php\/wp-json\/wp\/v2\/posts\/97690\/revisions\/97692"}],"wp:featuredmedia":[{"embeddable":true,"href":"https:\/\/www.actualidadadiario.com\/index.php\/wp-json\/wp\/v2\/media\/97691"}],"wp:attachment":[{"href":"https:\/\/www.actualidadadiario.com\/index.php\/wp-json\/wp\/v2\/media?parent=97690"}],"wp:term":[{"taxonomy":"category","embeddable":true,"href":"https:\/\/www.actualidadadiario.com\/index.php\/wp-json\/wp\/v2\/categories?post=97690"},{"taxonomy":"post_tag","embeddable":true,"href":"https:\/\/www.actualidadadiario.com\/index.php\/wp-json\/wp\/v2\/tags?post=97690"}],"curies":[{"name":"wp","href":"https:\/\/api.w.org\/{rel}","templated":true}]}}