{"id":97685,"date":"2023-02-14T13:34:09","date_gmt":"2023-02-14T16:34:09","guid":{"rendered":"https:\/\/www.actualidadadiario.com\/?p=97685"},"modified":"2023-02-14T13:34:09","modified_gmt":"2023-02-14T16:34:09","slug":"en-medio-de-la-incertidumbre-politica-se-activa-el-cronograma-electoral","status":"publish","type":"post","link":"https:\/\/www.actualidadadiario.com\/index.php\/2023\/02\/14\/en-medio-de-la-incertidumbre-politica-se-activa-el-cronograma-electoral\/","title":{"rendered":"En medio de la incertidumbre pol\u00edtica, se activa el cronograma electoral"},"content":{"rendered":"<p style=\"text-align: center;\"><em><strong>El gobierno comenz\u00f3 las reuniones con la C\u00e1mara Nacional Electoral para definir la hoja de ruta de los comicios. Como antes de la pandemia, menos escuelas habilitadas y fin del barbijo. La duda de las PASO<\/strong><\/em><\/p>\n<p>&nbsp;<\/p>\n<p>&nbsp;<\/p>\n<p>Argentina enfrenta este a\u00f1o elecciones a nivel nacional y la justicia ya comenz\u00f3 a ultimar detalles del largo cronograma a organizar. Puntualmente, la C\u00e1mara Nacional Electoral, a cargo de Alberto Dalla V\u00eda, Santiago Corcuera y Daniel Bejas, se reuni\u00f3 con el director Nacional Electoral, Marcos Schiavi para delinear algunos puntos.<\/p>\n<p>Tras los resultados del \u00faltimo censo, se estima que son 35 millones los votantes que figurar\u00e1n en el padr\u00f3n electoral. Teniendo en cuenta que el padr\u00f3n est\u00e1 estipulado como el mayor gasto de la elecci\u00f3n, Schiavi firm\u00f3 un convenio con la imprenta del Congreso y la Casa de la Moneda por 270 millones de pesos para la provisi\u00f3n, impresi\u00f3n, empaquetado y entrega de los padrones y afiches.<\/p>\n<p>Los n\u00fameros que maneja el gobierno actualmente arrojan 103.000 mesas habilitadas y 16.000 lugares de votaci\u00f3n.<\/p>\n<p>Si bien requerir\u00e1n informes al Ministerio de Salud para evaluar la situaci\u00f3n sanitaria, todo indica que las elecciones se realizar\u00e1n de manera habitual, es decir, sin los protocolos adoptados por la pandemia. Esto implica: un menor n\u00famero de mesas y lugares habilitados para los comicios, fin del barbijo y del alcohol en gel.<\/p>\n<p>En medio de la emergencia sanitaria, la \u00faltima elecci\u00f3n de medio t\u00e9rmino se realiz\u00f3 con un n\u00famero limitado de mesas y se habilitaron el doble de escuelas.<\/p>\n<p>En las pr\u00f3ximas semanas se publicar\u00e1 el cronograma oficial que determinar\u00e1 que hasta el 15 de mayo se podr\u00e1 convocar a las elecciones Primarias, Abiertas, Simult\u00e1neas y Obligatorias (PASO); hasta el 14 de junio se podr\u00e1 inscribir las alianzas electorales entre partidos; el 24 de junio ser\u00e1 la fecha l\u00edmite para la presentaci\u00f3n de las listas de precandidatos; y el 24 de junio comenzar\u00e1 oficialmente la campa\u00f1a electoral.<\/p>\n<p>En ese marco, a partir del 9 de julio comenzar\u00e1 el per\u00edodo de emisi\u00f3n de publicidades en medios audiovisuales y el segundo domingo de agosto los argentinos deber\u00e1n acudir a las urnas si se mantienen las PASO.<\/p>\n<p>Adem\u00e1s de votar al pr\u00f3ximo Presidente y Vicepresidente, este a\u00f1o se dirimir\u00e1n los cargos de jefe de Gobierno de la Ciudad de Buenos Aires y los gobernadores de 21 provincias, dado que los mandatarios de Santiago del Estero y Corrientes fueron electos en 2021.<\/p>\n<p>Tambi\u00e9n la renovaci\u00f3n en el Congreso: se elegir\u00e1n 130 diputados nacionales, la mitad de la C\u00e1mara baja, y 24 senadores nacionales, un tercio de la C\u00e1mara alta.<\/p>\n","protected":false},"excerpt":{"rendered":"<p>El gobierno comenz\u00f3 las reuniones con la C\u00e1mara Nacional Electoral para definir la hoja de ruta de los comicios. Como antes de la pandemia, menos escuelas habilitadas y fin del barbijo. La duda de las PASO &nbsp; &nbsp; Argentina enfrenta este a\u00f1o elecciones a nivel nacional y la justicia ya comenz\u00f3 a ultimar detalles del largo cronograma a organizar. Puntualmente, la C\u00e1mara Nacional Electoral, a cargo de Alberto Dalla V\u00eda, Santiago Corcuera y Daniel Bejas, se reuni\u00f3 con el director Nacional Electoral, Marcos Schiavi para delinear algunos puntos. Tras los&#8230;<\/p>\n","protected":false},"author":3,"featured_media":92253,"comment_status":"closed","ping_status":"closed","sticky":false,"template":"","format":"standard","meta":[],"categories":[9],"tags":[],"_links":{"self":[{"href":"https:\/\/www.actualidadadiario.com\/index.php\/wp-json\/wp\/v2\/posts\/97685"}],"collection":[{"href":"https:\/\/www.actualidadadiario.com\/index.php\/wp-json\/wp\/v2\/posts"}],"about":[{"href":"https:\/\/www.actualidadadiario.com\/index.php\/wp-json\/wp\/v2\/types\/post"}],"author":[{"embeddable":true,"href":"https:\/\/www.actualidadadiario.com\/index.php\/wp-json\/wp\/v2\/users\/3"}],"replies":[{"embeddable":true,"href":"https:\/\/www.actualidadadiario.com\/index.php\/wp-json\/wp\/v2\/comments?post=97685"}],"version-history":[{"count":1,"href":"https:\/\/www.actualidadadiario.com\/index.php\/wp-json\/wp\/v2\/posts\/97685\/revisions"}],"predecessor-version":[{"id":97686,"href":"https:\/\/www.actualidadadiario.com\/index.php\/wp-json\/wp\/v2\/posts\/97685\/revisions\/97686"}],"wp:featuredmedia":[{"embeddable":true,"href":"https:\/\/www.actualidadadiario.com\/index.php\/wp-json\/wp\/v2\/media\/92253"}],"wp:attachment":[{"href":"https:\/\/www.actualidadadiario.com\/index.php\/wp-json\/wp\/v2\/media?parent=97685"}],"wp:term":[{"taxonomy":"category","embeddable":true,"href":"https:\/\/www.actualidadadiario.com\/index.php\/wp-json\/wp\/v2\/categories?post=97685"},{"taxonomy":"post_tag","embeddable":true,"href":"https:\/\/www.actualidadadiario.com\/index.php\/wp-json\/wp\/v2\/tags?post=97685"}],"curies":[{"name":"wp","href":"https:\/\/api.w.org\/{rel}","templated":true}]}}