{"id":97681,"date":"2023-02-14T13:32:46","date_gmt":"2023-02-14T16:32:46","guid":{"rendered":"https:\/\/www.actualidadadiario.com\/?p=97681"},"modified":"2023-02-14T13:32:46","modified_gmt":"2023-02-14T16:32:46","slug":"inflacion-difunden-dato-clave-para-economia-y-se-espera-que-sea-mayor-de-diciembre","status":"publish","type":"post","link":"https:\/\/www.actualidadadiario.com\/index.php\/2023\/02\/14\/inflacion-difunden-dato-clave-para-economia-y-se-espera-que-sea-mayor-de-diciembre\/","title":{"rendered":"Inflaci\u00f3n: difunden dato clave para Econom\u00eda y se espera que sea mayor de diciembre"},"content":{"rendered":"<p style=\"text-align: center;\"><em><strong>Los propios dirigentes del Gobierno ya lo reconocen atribuy\u00e9ndole a los servicios y los factores estacionales del turismo parte de los aumentos, mientras el comienzo del impacto de las subas de la carne tambi\u00e9n se hizo sentir sobre el final del mes, aunque pegar\u00e1 de lleno en febrero<\/strong><\/em><\/p>\n<p>&nbsp;<\/p>\n<p>&nbsp;<\/p>\n<p>La inflaci\u00f3n de enero se conocer\u00e1 hoy y ya se da por descontado que marcar\u00e1 un alza respecto de lo que fue diciembre, lo que complica los objetivos del plan del ministro de Econom\u00eda, Sergio Massa, para calmar la escalada de precios.<\/p>\n<p>Los propios dirigentes del Gobierno ya lo reconocen atribuy\u00e9ndole a los servicios y los factores estacionales del turismo parte de los aumentos, mientras el comienzo del impacto de las subas de la carne tambi\u00e9n se hizo sentir sobre el final del mes, aunque pegar\u00e1 de lleno en febrero.<\/p>\n<p>Las proyecciones entre analistas locales y extranjeros arrojaron un avance promedio del 5,9% para el IPC enero, acelerando 0,8 d\u00e9cimas respecto de enero. En el caso de Econviews, proyectan un 5,6% mensual para el primer mes del a\u00f1o.<\/p>\n<p>Seg\u00fan Isa\u00edas Marini, economista de la consultora: &#8220;La inflaci\u00f3n de enero estuvo impulsada principalmente por aumentos en los regulados. En ese sentido, la mayor incidencia vino de la divisi\u00f3n \u00b4vivienda, electricidad, gas y otros combustibles\u00b4 por el aumento de las tarifas de luz, gas y agua en el AMBA (Capital Federal y alrededores)&#8221;.<\/p>\n<p>Tambi\u00e9n tuvieron su impacto en el \u00edndice el ajuste de las tarifas de transporte p\u00fablico en el AMBA (por lejos la regi\u00f3n con mayor peso en el \u00edndice) y la suba de combustibles (ambos en la divisi\u00f3n de Transporte), de la Salud y las Telecomunicaciones.<\/p>\n<p>Por lo que la consultora proyecta que, para febrero y marzo, va a ser muy dif\u00edcil bajarlo, m\u00e1s bien las probabilidades son que suban un poco m\u00e1s y no descartan que &#8220;alg\u00fan mes inicie nuevamente con 6 adelante&#8221;.<\/p>\n<p>Por su parte, la Fundaci\u00f3n Libertad y Progreso estim\u00f3 la inflaci\u00f3n en un 6,3%, apoyada tambi\u00e9n sobre los rubros de &#8220;Vivienda, Agua y Electricidad&#8221; dada la quita de subsidios energ\u00e9tico y los aumentos de alquileres, tambi\u00e9n, &#8220;transporte&#8221; con la suba de los boletos de colectivo en AMBA y el acuerdo de las naftas del programa Precios Justos.<\/p>\n<p>&#8220;De cara a febrero, por ahora la ausencia de subas importantes de precios regulados contribuir\u00eda a una moderaci\u00f3n en la suba del IPC. Sin embargo, la din\u00e1mica inflacionaria seguir\u00e1 por encima del 5% mensual, lo que llevar\u00eda a que se cruce la barrera del 100% anual en el IPC general&#8221;, alertan.<\/p>\n<p>&#8220;El problema no est\u00e1 en las g\u00f3ndolas, sino en la depreciaci\u00f3n constante de nuestra moneda causada por la desconfianza en los funcionarios y el exceso de oferta monetaria. Por el momento, no hay razones te\u00f3ricas para pensar que la inflaci\u00f3n va a bajar y la incertidumbre en un a\u00f1o electoral puede incluso empeorar la situaci\u00f3n&#8221;, se\u00f1al\u00f3 Lautaro Moschet, economista de esa fundaci\u00f3n.<\/p>\n<p>&nbsp;<\/p>\n<p><strong>Qu\u00e9 se espera que del IPC de hoy<\/strong><\/p>\n<p>Las estimaciones de los analistas oscilaron entre un avance m\u00ednimo del 5,2% y un m\u00e1ximo del 6,5% para la inflaci\u00f3n de enero.<\/p>\n<p>Para C&amp;T Asesores Econ\u00f3micos, el n\u00famero estar\u00e1 alrededor del 6,3% debido a las subas de precios programadas, el salto estacional del turismo y el incremento en alimentos y bebidas no alcoh\u00f3licas, que habr\u00edan aumentado a un mayor ritmo que en diciembre, en torno al 5,3%.<\/p>\n<p>La inflaci\u00f3n de los trabajadores, que realizan la Universidad Metropolitana para la Educaci\u00f3n y el Trabajo (UMET) y el Centro para la Concertaci\u00f3n y el Desarrollo (CCD), se ubic\u00f3 en un 5,5%, alcanzando el 98% en los \u00faltimos doce meses, m\u00e1xima marca desde 1991.<\/p>\n<p>La suba fue impulsada por &#8220;productos estacionales como turismo, frutas y verduras, aceler\u00e1ndose en 0,2 puntos porcentuales respecto a los 5,3 registrados en diciembre&#8221;.<\/p>\n<p>Por su parte, Ecolatina espera un valor de 5,5% debido a la din\u00e1mica de los alimentos y los servicios regulados. En tanto que Ecogo, arrib\u00f3 a 5,6% y Analytica mide un 5,8%.<\/p>\n<p>El secretario de Comercio, Mat\u00edas Tombolini, reconoci\u00f3 que hubo una aceleraci\u00f3n en enero dada por &#8220;la estacionalidad y el peso del rubro servicios en estos meses que es m\u00e1s turismo y recreaci\u00f3n&#8221;.<\/p>\n<p>Entre otras cosas, reconoci\u00f3 que el control de precios no va a bajar la inflaci\u00f3n per se, sino que el objetivo es &#8220;cerrar la brecha fiscal y el financiamiento monetario del d\u00e9ficit, emitir menos y acumular reservas como una de las herramientas complementarias los programas de precios que no pueden existir en el vac\u00edo. Es un programa de precios que intenta operar sobre expectativas de inflaci\u00f3n, pero basado en el cierre de la brecha fiscal y la acumulaci\u00f3n de reservas&#8221;.<\/p>\n<p>En tanto, el secretario de Industria, Jos\u00e9 Ignacio de Mendiguren, admiti\u00f3 que la inflaci\u00f3n ser\u00e1 &#8220;m\u00e1s alta que la de diciembre&#8221;.<\/p>\n<p>&#8220;La gente compra igual, con precios que no deber\u00eda convalidar y eso no nos ayud\u00f3. Tambi\u00e9n hubo algunos problemas estacionales durante el primer mes del a\u00f1o&#8221;, explic\u00f3 el funcionario.<\/p>\n<p>&#8220;Esto sucede entre otras razones porque en la temporada hubo un movimiento de turismo y abusos de precios, el l\u00edmite lo pone muchas veces la capacidad de compra de la gente&#8221;, indic\u00f3.<\/p>\n<p>Por su parte, el flamante jefe de asesores presidenciales, Antonio Aracre, dijo que entre enero y febrero jugaron una mala pasada la sequ\u00eda y el cambio de l\u00f3gica de la retenci\u00f3n de ganado, impactando el aumento de carne.<\/p>\n<p>Reconoci\u00f3 que en marzo, con el inicio de las clases, estar\u00e1n los ajustes del colegio y los \u00fatiles, por lo que va a resultar complicado llegar al 3,8% que prometi\u00f3 el ministro Massa, pero se\u00f1al\u00f3 que en abril existe &#8220;toda la oportunidad de llegar a ese escal\u00f3n&#8221;.<\/p>\n","protected":false},"excerpt":{"rendered":"<p>Los propios dirigentes del Gobierno ya lo reconocen atribuy\u00e9ndole a los servicios y los factores estacionales del turismo parte de los aumentos, mientras el comienzo del impacto de las subas de la carne tambi\u00e9n se hizo sentir sobre el final del mes, aunque pegar\u00e1 de lleno en febrero &nbsp; &nbsp; La inflaci\u00f3n de enero se conocer\u00e1 hoy y ya se da por descontado que marcar\u00e1 un alza respecto de lo que fue diciembre, lo que complica los objetivos del plan del ministro de Econom\u00eda, Sergio Massa, para calmar la escalada&#8230;<\/p>\n","protected":false},"author":3,"featured_media":94813,"comment_status":"closed","ping_status":"closed","sticky":false,"template":"","format":"standard","meta":[],"categories":[2],"tags":[],"_links":{"self":[{"href":"https:\/\/www.actualidadadiario.com\/index.php\/wp-json\/wp\/v2\/posts\/97681"}],"collection":[{"href":"https:\/\/www.actualidadadiario.com\/index.php\/wp-json\/wp\/v2\/posts"}],"about":[{"href":"https:\/\/www.actualidadadiario.com\/index.php\/wp-json\/wp\/v2\/types\/post"}],"author":[{"embeddable":true,"href":"https:\/\/www.actualidadadiario.com\/index.php\/wp-json\/wp\/v2\/users\/3"}],"replies":[{"embeddable":true,"href":"https:\/\/www.actualidadadiario.com\/index.php\/wp-json\/wp\/v2\/comments?post=97681"}],"version-history":[{"count":1,"href":"https:\/\/www.actualidadadiario.com\/index.php\/wp-json\/wp\/v2\/posts\/97681\/revisions"}],"predecessor-version":[{"id":97682,"href":"https:\/\/www.actualidadadiario.com\/index.php\/wp-json\/wp\/v2\/posts\/97681\/revisions\/97682"}],"wp:featuredmedia":[{"embeddable":true,"href":"https:\/\/www.actualidadadiario.com\/index.php\/wp-json\/wp\/v2\/media\/94813"}],"wp:attachment":[{"href":"https:\/\/www.actualidadadiario.com\/index.php\/wp-json\/wp\/v2\/media?parent=97681"}],"wp:term":[{"taxonomy":"category","embeddable":true,"href":"https:\/\/www.actualidadadiario.com\/index.php\/wp-json\/wp\/v2\/categories?post=97681"},{"taxonomy":"post_tag","embeddable":true,"href":"https:\/\/www.actualidadadiario.com\/index.php\/wp-json\/wp\/v2\/tags?post=97681"}],"curies":[{"name":"wp","href":"https:\/\/api.w.org\/{rel}","templated":true}]}}