{"id":97673,"date":"2023-02-14T13:29:49","date_gmt":"2023-02-14T16:29:49","guid":{"rendered":"https:\/\/www.actualidadadiario.com\/?p=97673"},"modified":"2023-02-14T13:29:49","modified_gmt":"2023-02-14T16:29:49","slug":"sequia-el-90-de-las-economias-regionales-esta-en-crisis","status":"publish","type":"post","link":"https:\/\/www.actualidadadiario.com\/index.php\/2023\/02\/14\/sequia-el-90-de-las-economias-regionales-esta-en-crisis\/","title":{"rendered":"Sequ\u00eda: el 90% de las econom\u00edas regionales est\u00e1 en crisis"},"content":{"rendered":"<p style=\"text-align: center;\"><em><strong>Las inclemencias del tiempo, como el granizo y las heladas, se sumaron a la sequ\u00eda y afecta la producci\u00f3n de las econom\u00edas regionales. Esto dicen desde Coninagro<\/strong><\/em><\/p>\n<p>&nbsp;<\/p>\n<p>&nbsp;<\/p>\n<p>El \u201cSem\u00e1foro de Econom\u00edas Regionales\u201d de la Confederaci\u00f3n Intercooperativa Agropecuaria Limitada (Coninagro), realizado con datos de diciembre de 2022, brinda un panorama general de las actividades productivas que monitorea la entidad y refleja que el 90% del sector est\u00e1 en crisis, no solamente por la sequ\u00eda, sino, tambi\u00e9n, por las inclemencias clim\u00e1ticas en su conjunto, como granizo y heladas.<\/p>\n<p>El estudio muestra a la mayor\u00eda de las producciones en rojo y algunas en amarillo. Y sostienen desde el \u00e1rea de Econom\u00eda de la entidad que \u201cel principal factor entre el negocio, la esfera productiva y tambi\u00e9n el mercado, sigue siendo el aumento en los costos, con algunas recomposiciones de precios puntuales\u201d.<\/p>\n<p>Al respecto, el presidente de la entidad, Elbio Laucirica, asegur\u00f3, que, adem\u00e1s de estos factores coyunturales o circunstanciales, \u201cvolvemos a recaer sobre la falta de pol\u00edticas p\u00fablicas sostenibles que otorguen previsibilidad\u201d. Y se\u00f1al\u00f3 que, esto hace que \u201cno estemos aprovechando oportunidades de lo que demanda y requiere el mundo, como biocombustibles y alimentos saludables producidos en ambientes sustentables\u201d.<\/p>\n<p>&nbsp;<\/p>\n<p><strong>Suben los precios por los problemas productivos<\/strong><\/p>\n<p>Seg\u00fan Coninagro, la parte productiva y de mercado son las m\u00e1s afectadas. En la zona donde puede haber producci\u00f3n se levanta el precio, pero, por faltante, \u201cy en otras zonas est\u00e1 afectando la sequ\u00eda, la reducci\u00f3n de superficies sembradas respectos a campa\u00f1as anteriores\u201d, indic\u00f3 la t\u00e9cnica Silvina Campos Carl\u00e9s.<\/p>\n<p>A lo que agreg\u00f3 que \u201ctambi\u00e9n se observan stocks disminuidos o no tan recuperados, excepto en ganader\u00eda, donde se espera un poco m\u00e1s de stock hacia adelante\u201d. En lo referido al mercado local, el consumidor no est\u00e1 validando subas en cantidades y, en el plano internacional, no se prev\u00e9n subas importantes en valores.<\/p>\n<p>En otro orden, se expres\u00f3 Juan Salvay, consejero de Coninagro en C\u00f3rdoba y productor de granos quien asegur\u00f3 que \u201cvenimos de un tercer a\u00f1o con La Ni\u00f1a, entonces, comenzamos sembrando una fina con poco perfil de agua\u201d.<\/p>\n<p>Y explic\u00f3 que el cultivo se fue desarrollando bien, con algunas lluvias intermedias, pero despu\u00e9s, las heladas -tanto tempranas, como tard\u00edas- hicieron que fracasara la cosecha fina, especialmente el trigo, reportando p\u00e9rdidas de entre el 50\/70%.<\/p>\n<p>&nbsp;<\/p>\n<p><strong>La campa\u00f1a gruesa tambi\u00e9n sufri\u00f3<\/strong><\/p>\n<p>\u201cLa campa\u00f1a gruesa de ma\u00edz y de soja estuvo impactada por la sequ\u00eda, con poca humedad, en los primeros cultivos no hubo solo falta de agua, sino tambi\u00e9n temperaturas superiores a las normales y esto afect\u00f3 a la flor y polinizaci\u00f3n del ma\u00edz, al desarrollo del ma\u00edz y de la soja, con grandes da\u00f1os, los ma\u00edces con buen paquete tecnol\u00f3gico estimamos estar\u00e1n entre el 50% del rinde estimado\u201d, refiri\u00f3 Salvay.<\/p>\n<p>Y los cultivos de segunda ya han recibido alg\u00fan aporte de agua de lluvias de fin de a\u00f1o o enero y tienen otra performance, tambi\u00e9n implica que se han sembrado m\u00e1s tarde de lo normal y la proyecci\u00f3n es que los rindes no sean los esperados al final de la campa\u00f1a, seg\u00fan el dirigente.<\/p>\n<p>&nbsp;<\/p>\n<p><strong>El sector citr\u00edcola<\/strong><\/p>\n<p>Por su parte, el productor citr\u00edcola Nicol\u00e1s Carlino, consejero de Coninagro y presidente de Fedecoop, evalu\u00f3 la situaci\u00f3n en la zona del litoral y dijo: \u201cVenimos de 3 a\u00f1os muy complicados, con un d\u00e9ficit h\u00eddrico muy marcado en la provincia\u201d.<\/p>\n<p>Asegur\u00f3 que esa falta de agua se est\u00e1 notando fuerte. Para ejemplificar, mencion\u00f3 que, en la zona centro sur de Corrientes, en 2022, llovi\u00f3 un 47% menos que la media normal. \u201cNo reponer esa falta de agua nos ha llevado a una crisis en todas las actividades productivas\u201d, inform\u00f3.<\/p>\n<p>&nbsp;<\/p>\n<p><strong>Problemas para el sector ganadero<\/strong><\/p>\n<p>El dirigente coment\u00f3 que, \u201cdesde INTA, se estim\u00f3 que el sector ganadero en la zona centro sur de Corrientes, entrar\u00e1 al invierno solamente con un 20% de la reserva de materia seca o pasto para que los animales puedan pasar el invierno\u201d.<\/p>\n<p>As\u00ed, anticip\u00f3 que pasar\u00e1n de m\u00e1s de 4.000 kilos de materia seca a 1.000 kilos para alimentar a animales. \u201cEso no podemos suplirlo con verdeo, no tenemos agua y se viene un panorama complicado\u201d, sostuvo Carlino.<\/p>\n<p>Explic\u00f3 que, \u201cal empezar a caer la oferta, el precio puede aumentar\u201d y se\u00f1al\u00f3 que el productor no maneja eso porque \u201ces un tema de mercado y demanda\u201d. En consecuencia, la ca\u00edda de la producci\u00f3n, sumada a la demanda sostenida y la baja oferta, los precios pueden aumentar.<\/p>\n<p>En enero, la producci\u00f3n citr\u00edcola se ha quedado sin fruta en c\u00e1mara, algo impensado para la \u00e9poca y el productor pas\u00f3 a trabajar la fruta en c\u00e1mara, lo que supone costos de cosecha, proceso, energ\u00eda el\u00e9ctrica, entre otras y a veces en esa distorsi\u00f3n la fruta pierde calidad y calibre, que ser\u00eda el tama\u00f1o\u201d, concluy\u00f3.<\/p>\n","protected":false},"excerpt":{"rendered":"<p>Las inclemencias del tiempo, como el granizo y las heladas, se sumaron a la sequ\u00eda y afecta la producci\u00f3n de las econom\u00edas regionales. Esto dicen desde Coninagro &nbsp; &nbsp; El \u201cSem\u00e1foro de Econom\u00edas Regionales\u201d de la Confederaci\u00f3n Intercooperativa Agropecuaria Limitada (Coninagro), realizado con datos de diciembre de 2022, brinda un panorama general de las actividades productivas que monitorea la entidad y refleja que el 90% del sector est\u00e1 en crisis, no solamente por la sequ\u00eda, sino, tambi\u00e9n, por las inclemencias clim\u00e1ticas en su conjunto, como granizo y heladas. El estudio&#8230;<\/p>\n","protected":false},"author":3,"featured_media":58708,"comment_status":"closed","ping_status":"closed","sticky":false,"template":"","format":"standard","meta":[],"categories":[2],"tags":[],"_links":{"self":[{"href":"https:\/\/www.actualidadadiario.com\/index.php\/wp-json\/wp\/v2\/posts\/97673"}],"collection":[{"href":"https:\/\/www.actualidadadiario.com\/index.php\/wp-json\/wp\/v2\/posts"}],"about":[{"href":"https:\/\/www.actualidadadiario.com\/index.php\/wp-json\/wp\/v2\/types\/post"}],"author":[{"embeddable":true,"href":"https:\/\/www.actualidadadiario.com\/index.php\/wp-json\/wp\/v2\/users\/3"}],"replies":[{"embeddable":true,"href":"https:\/\/www.actualidadadiario.com\/index.php\/wp-json\/wp\/v2\/comments?post=97673"}],"version-history":[{"count":1,"href":"https:\/\/www.actualidadadiario.com\/index.php\/wp-json\/wp\/v2\/posts\/97673\/revisions"}],"predecessor-version":[{"id":97674,"href":"https:\/\/www.actualidadadiario.com\/index.php\/wp-json\/wp\/v2\/posts\/97673\/revisions\/97674"}],"wp:featuredmedia":[{"embeddable":true,"href":"https:\/\/www.actualidadadiario.com\/index.php\/wp-json\/wp\/v2\/media\/58708"}],"wp:attachment":[{"href":"https:\/\/www.actualidadadiario.com\/index.php\/wp-json\/wp\/v2\/media?parent=97673"}],"wp:term":[{"taxonomy":"category","embeddable":true,"href":"https:\/\/www.actualidadadiario.com\/index.php\/wp-json\/wp\/v2\/categories?post=97673"},{"taxonomy":"post_tag","embeddable":true,"href":"https:\/\/www.actualidadadiario.com\/index.php\/wp-json\/wp\/v2\/tags?post=97673"}],"curies":[{"name":"wp","href":"https:\/\/api.w.org\/{rel}","templated":true}]}}