{"id":97667,"date":"2023-02-13T15:35:07","date_gmt":"2023-02-13T18:35:07","guid":{"rendered":"https:\/\/www.actualidadadiario.com\/?p=97667"},"modified":"2023-02-13T15:35:07","modified_gmt":"2023-02-13T18:35:07","slug":"manana-el-gobierno-provincial-recibira-a-estatales-y-docentes","status":"publish","type":"post","link":"https:\/\/www.actualidadadiario.com\/index.php\/2023\/02\/13\/manana-el-gobierno-provincial-recibira-a-estatales-y-docentes\/","title":{"rendered":"Ma\u00f1ana el Gobierno provincial recibir\u00e1 a estatales y docentes"},"content":{"rendered":"<p style=\"text-align: center;\"><em><strong>Ambas reuniones ser\u00e1n a las 12. El encuentro con los docentes ser\u00e1 nuevamente en la Secretar\u00eda de Trabajo de la Provincia, mientras que la reuni\u00f3n con los gremios estatales -la primera del proceso de negociaci\u00f3n- se llevar\u00e1 a cabo en el Sal\u00f3n de los Gobernadores, informaron fuentes gubernamentales<\/strong><\/em><\/p>\n<p>&nbsp;<\/p>\n<p>&nbsp;<\/p>\n<p>Este martes avanzar\u00e1n las negociaciones salariales entre el Gobierno provincial y los sindicatos que representan a los trabajadores docentes y estatales.<\/p>\n<p>Por un lado, a las 12 en la Secretar\u00eda de Trabajo de Entre R\u00edos se har\u00e1 la segunda reuni\u00f3n de la paritaria docente: en la primera reuni\u00f3n (que tuvo lugar el mi\u00e9rcoles pasado) no se habl\u00f3 de porcentajes, pero los sindicatos solicitaron que la pauta salarial supere el \u00edndice de inflaci\u00f3n y que las sumas sean acumulativas, entre otras cuestiones.<\/p>\n<p>Por otro lado, tambi\u00e9n a las 12, se llevar\u00e1 a cabo el primer encuentro paritario del a\u00f1o entre funcionarios del Gobierno provincial y representantes de la Asociaci\u00f3n de Trabajadores del Estado (ATE) y de la Uni\u00f3n Personal Civil de la Naci\u00f3n (UPCN).<\/p>\n","protected":false},"excerpt":{"rendered":"<p>Ambas reuniones ser\u00e1n a las 12. El encuentro con los docentes ser\u00e1 nuevamente en la Secretar\u00eda de Trabajo de la Provincia, mientras que la reuni\u00f3n con los gremios estatales -la primera del proceso de negociaci\u00f3n- se llevar\u00e1 a cabo en el Sal\u00f3n de los Gobernadores, informaron fuentes gubernamentales &nbsp; &nbsp; Este martes avanzar\u00e1n las negociaciones salariales entre el Gobierno provincial y los sindicatos que representan a los trabajadores docentes y estatales. Por un lado, a las 12 en la Secretar\u00eda de Trabajo de Entre R\u00edos se har\u00e1 la segunda reuni\u00f3n&#8230;<\/p>\n","protected":false},"author":3,"featured_media":97668,"comment_status":"closed","ping_status":"closed","sticky":false,"template":"","format":"standard","meta":[],"categories":[15],"tags":[],"_links":{"self":[{"href":"https:\/\/www.actualidadadiario.com\/index.php\/wp-json\/wp\/v2\/posts\/97667"}],"collection":[{"href":"https:\/\/www.actualidadadiario.com\/index.php\/wp-json\/wp\/v2\/posts"}],"about":[{"href":"https:\/\/www.actualidadadiario.com\/index.php\/wp-json\/wp\/v2\/types\/post"}],"author":[{"embeddable":true,"href":"https:\/\/www.actualidadadiario.com\/index.php\/wp-json\/wp\/v2\/users\/3"}],"replies":[{"embeddable":true,"href":"https:\/\/www.actualidadadiario.com\/index.php\/wp-json\/wp\/v2\/comments?post=97667"}],"version-history":[{"count":1,"href":"https:\/\/www.actualidadadiario.com\/index.php\/wp-json\/wp\/v2\/posts\/97667\/revisions"}],"predecessor-version":[{"id":97669,"href":"https:\/\/www.actualidadadiario.com\/index.php\/wp-json\/wp\/v2\/posts\/97667\/revisions\/97669"}],"wp:featuredmedia":[{"embeddable":true,"href":"https:\/\/www.actualidadadiario.com\/index.php\/wp-json\/wp\/v2\/media\/97668"}],"wp:attachment":[{"href":"https:\/\/www.actualidadadiario.com\/index.php\/wp-json\/wp\/v2\/media?parent=97667"}],"wp:term":[{"taxonomy":"category","embeddable":true,"href":"https:\/\/www.actualidadadiario.com\/index.php\/wp-json\/wp\/v2\/categories?post=97667"},{"taxonomy":"post_tag","embeddable":true,"href":"https:\/\/www.actualidadadiario.com\/index.php\/wp-json\/wp\/v2\/tags?post=97667"}],"curies":[{"name":"wp","href":"https:\/\/api.w.org\/{rel}","templated":true}]}}