{"id":97663,"date":"2023-02-13T15:33:44","date_gmt":"2023-02-13T18:33:44","guid":{"rendered":"https:\/\/www.actualidadadiario.com\/?p=97663"},"modified":"2023-02-13T15:33:44","modified_gmt":"2023-02-13T18:33:44","slug":"bordet-abrira-por-ultima-vez-las-sesiones-de-la-legislatura","status":"publish","type":"post","link":"https:\/\/www.actualidadadiario.com\/index.php\/2023\/02\/13\/bordet-abrira-por-ultima-vez-las-sesiones-de-la-legislatura\/","title":{"rendered":"Bordet abrir\u00e1 por \u00faltima vez las sesiones de la Legislatura"},"content":{"rendered":"<p style=\"text-align: center;\"><em><strong>El Gobernador Gustavo Bordet dar\u00e1 este mi\u00e9rcoles 15 su \u00faltimo discurso de apertura de las sesiones ordinarias de la Legislatura provincial. El mensaje tendr\u00e1 un tono medido y recorrer\u00e1 sus dos gestiones al frente del Gobierno provincial, adelantaron fuentes oficiales<\/strong><\/em><\/p>\n<p>&nbsp;<\/p>\n<p>&nbsp;<\/p>\n<p>La exposici\u00f3n de Bordet ante la Asamblea Legislativa est\u00e1 prevista para el mi\u00e9rcoles 15 a las 19 hs. Excepcionalmente y por razones de espacio, las c\u00e1maras de diputados y de senadores ser\u00e1n convocadas en el Centro Provincial de Convenciones.<\/p>\n<p>Ser\u00e1 la \u00faltima oportunidad que Bordet cumpla con este mandato constitucional. Su primer mensaje fue el 15 de febrero de 2016, con la provincia inundada por las constantes lluvias. El escenario, esta vez, es el de una Entre R\u00edos azotada por la sequ\u00eda.<\/p>\n<p>&nbsp;<\/p>\n<p><strong>Seg\u00fan se indic\u00f3, el discurso de Bordet tendr\u00e1 dos planos:<\/strong><\/p>\n<p>Uno ser\u00e1 el que exprese ante la Asamblea, donde al repaso de obras y de gestiones hechas durante los siete a\u00f1os anteriores y para lo que resta de 2023 se sumar\u00e1n definiciones sobre la situaci\u00f3n de equilibrio fiscal y cuentas ordenadas que heredar\u00e1 el pr\u00f3ximo gobierno que se haga cargo de la administraci\u00f3n del Estado a partir de diciembre.<\/p>\n<p>Tambi\u00e9n habr\u00e1 un libro que se distribuir\u00e1 a los legisladores e invitados especiales y que quedar\u00e1 para archivo, donde se desglosar\u00e1n los puntos enunciados por el mandatario con mayor precisi\u00f3n.<\/p>\n","protected":false},"excerpt":{"rendered":"<p>El Gobernador Gustavo Bordet dar\u00e1 este mi\u00e9rcoles 15 su \u00faltimo discurso de apertura de las sesiones ordinarias de la Legislatura provincial. El mensaje tendr\u00e1 un tono medido y recorrer\u00e1 sus dos gestiones al frente del Gobierno provincial, adelantaron fuentes oficiales &nbsp; &nbsp; La exposici\u00f3n de Bordet ante la Asamblea Legislativa est\u00e1 prevista para el mi\u00e9rcoles 15 a las 19 hs. Excepcionalmente y por razones de espacio, las c\u00e1maras de diputados y de senadores ser\u00e1n convocadas en el Centro Provincial de Convenciones. Ser\u00e1 la \u00faltima oportunidad que Bordet cumpla con este&#8230;<\/p>\n","protected":false},"author":3,"featured_media":96437,"comment_status":"closed","ping_status":"closed","sticky":false,"template":"","format":"standard","meta":[],"categories":[9,15],"tags":[],"_links":{"self":[{"href":"https:\/\/www.actualidadadiario.com\/index.php\/wp-json\/wp\/v2\/posts\/97663"}],"collection":[{"href":"https:\/\/www.actualidadadiario.com\/index.php\/wp-json\/wp\/v2\/posts"}],"about":[{"href":"https:\/\/www.actualidadadiario.com\/index.php\/wp-json\/wp\/v2\/types\/post"}],"author":[{"embeddable":true,"href":"https:\/\/www.actualidadadiario.com\/index.php\/wp-json\/wp\/v2\/users\/3"}],"replies":[{"embeddable":true,"href":"https:\/\/www.actualidadadiario.com\/index.php\/wp-json\/wp\/v2\/comments?post=97663"}],"version-history":[{"count":1,"href":"https:\/\/www.actualidadadiario.com\/index.php\/wp-json\/wp\/v2\/posts\/97663\/revisions"}],"predecessor-version":[{"id":97664,"href":"https:\/\/www.actualidadadiario.com\/index.php\/wp-json\/wp\/v2\/posts\/97663\/revisions\/97664"}],"wp:featuredmedia":[{"embeddable":true,"href":"https:\/\/www.actualidadadiario.com\/index.php\/wp-json\/wp\/v2\/media\/96437"}],"wp:attachment":[{"href":"https:\/\/www.actualidadadiario.com\/index.php\/wp-json\/wp\/v2\/media?parent=97663"}],"wp:term":[{"taxonomy":"category","embeddable":true,"href":"https:\/\/www.actualidadadiario.com\/index.php\/wp-json\/wp\/v2\/categories?post=97663"},{"taxonomy":"post_tag","embeddable":true,"href":"https:\/\/www.actualidadadiario.com\/index.php\/wp-json\/wp\/v2\/tags?post=97663"}],"curies":[{"name":"wp","href":"https:\/\/api.w.org\/{rel}","templated":true}]}}