{"id":97661,"date":"2023-02-13T15:32:29","date_gmt":"2023-02-13T18:32:29","guid":{"rendered":"https:\/\/www.actualidadadiario.com\/?p=97661"},"modified":"2023-02-13T15:32:29","modified_gmt":"2023-02-13T18:32:29","slug":"billetera-entre-rios-suma-descuentos-en-libreria-desde-este-lunes","status":"publish","type":"post","link":"https:\/\/www.actualidadadiario.com\/index.php\/2023\/02\/13\/billetera-entre-rios-suma-descuentos-en-libreria-desde-este-lunes\/","title":{"rendered":"Billetera Entre R\u00edos suma descuentos en librer\u00eda desde este lunes"},"content":{"rendered":"<p style=\"text-align: center;\"><em><strong>Del 13 de febrero al 13 de marzo podr\u00e1n obtenerse descuentos a trav\u00e9s de Billetera Entre R\u00edos en el rubro librer\u00eda. As\u00ed lo inform\u00f3 el director de Comercio Interior de la provincia, Hern\u00e1n Rold\u00e1n<\/strong><\/em><\/p>\n<p>&nbsp;<\/p>\n<p>&nbsp;<\/p>\n<p>&#8220;Se resolvi\u00f3 incluir librer\u00eda en la billetera virtual y ya se est\u00e1 trabajando para ello&#8221;, dijo el funcionario, al tiempo que indic\u00f3 en lo que respecta a ese rubro, en las operaciones que se realicen de lunes a jueves, desde el 13 de febrero al 13 de marzo, operar\u00e1 el descuento del 30 por ciento. Record\u00f3 que cada billetera virtual &#8220;tiene un tope de 5.000 pesos por mes&#8221; incluyendo adem\u00e1s los rubros alimentos y medicamentos.<\/p>\n<p>Luego detall\u00f3 que &#8220;en este momento se est\u00e1n realizando las tareas de adhesi\u00f3n de los comercios del rubro librer\u00eda y en forma paralela la difusi\u00f3n de esta incorporaci\u00f3n&#8221;. Cabe mencionar que los comercios adheridos a la Billetera Entre R\u00edos pueden consultarse en https:\/\/portal.entrerios.gov.ar\/billetera\/index.html<\/p>\n<p>Finalmente, el funcionario se\u00f1al\u00f3 que &#8220;estamos muy contentos con el desarrollo de la Billetera, puesto que hemos notado un aumento paulatino y considerable de usuarios y de comercios. Obviamente que siempre aspiramos a tener mayores \u00edndices de crecimiento y es en eso que estamos trabajando constantemente&#8221;.<\/p>\n","protected":false},"excerpt":{"rendered":"<p>Del 13 de febrero al 13 de marzo podr\u00e1n obtenerse descuentos a trav\u00e9s de Billetera Entre R\u00edos en el rubro librer\u00eda. As\u00ed lo inform\u00f3 el director de Comercio Interior de la provincia, Hern\u00e1n Rold\u00e1n &nbsp; &nbsp; &#8220;Se resolvi\u00f3 incluir librer\u00eda en la billetera virtual y ya se est\u00e1 trabajando para ello&#8221;, dijo el funcionario, al tiempo que indic\u00f3 en lo que respecta a ese rubro, en las operaciones que se realicen de lunes a jueves, desde el 13 de febrero al 13 de marzo, operar\u00e1 el descuento del 30 por&#8230;<\/p>\n","protected":false},"author":3,"featured_media":97497,"comment_status":"closed","ping_status":"closed","sticky":false,"template":"","format":"standard","meta":[],"categories":[15],"tags":[],"_links":{"self":[{"href":"https:\/\/www.actualidadadiario.com\/index.php\/wp-json\/wp\/v2\/posts\/97661"}],"collection":[{"href":"https:\/\/www.actualidadadiario.com\/index.php\/wp-json\/wp\/v2\/posts"}],"about":[{"href":"https:\/\/www.actualidadadiario.com\/index.php\/wp-json\/wp\/v2\/types\/post"}],"author":[{"embeddable":true,"href":"https:\/\/www.actualidadadiario.com\/index.php\/wp-json\/wp\/v2\/users\/3"}],"replies":[{"embeddable":true,"href":"https:\/\/www.actualidadadiario.com\/index.php\/wp-json\/wp\/v2\/comments?post=97661"}],"version-history":[{"count":1,"href":"https:\/\/www.actualidadadiario.com\/index.php\/wp-json\/wp\/v2\/posts\/97661\/revisions"}],"predecessor-version":[{"id":97662,"href":"https:\/\/www.actualidadadiario.com\/index.php\/wp-json\/wp\/v2\/posts\/97661\/revisions\/97662"}],"wp:featuredmedia":[{"embeddable":true,"href":"https:\/\/www.actualidadadiario.com\/index.php\/wp-json\/wp\/v2\/media\/97497"}],"wp:attachment":[{"href":"https:\/\/www.actualidadadiario.com\/index.php\/wp-json\/wp\/v2\/media?parent=97661"}],"wp:term":[{"taxonomy":"category","embeddable":true,"href":"https:\/\/www.actualidadadiario.com\/index.php\/wp-json\/wp\/v2\/categories?post=97661"},{"taxonomy":"post_tag","embeddable":true,"href":"https:\/\/www.actualidadadiario.com\/index.php\/wp-json\/wp\/v2\/tags?post=97661"}],"curies":[{"name":"wp","href":"https:\/\/api.w.org\/{rel}","templated":true}]}}