{"id":97655,"date":"2023-02-13T15:31:09","date_gmt":"2023-02-13T18:31:09","guid":{"rendered":"https:\/\/www.actualidadadiario.com\/?p=97655"},"modified":"2023-02-13T15:31:09","modified_gmt":"2023-02-13T18:31:09","slug":"la-cooperativa-electrica-de-concordia-baja-las-facturas-de-la-luz","status":"publish","type":"post","link":"https:\/\/www.actualidadadiario.com\/index.php\/2023\/02\/13\/la-cooperativa-electrica-de-concordia-baja-las-facturas-de-la-luz\/","title":{"rendered":"La Cooperativa El\u00e9ctrica de Concordia baja las facturas de la luz"},"content":{"rendered":"<p style=\"text-align: center;\"><em><strong>Ante la actual situaci\u00f3n socioecon\u00f3mica, \u00edndices de inflaci\u00f3n que deterioran el salario,\u00a0 consumos elevados de energ\u00eda por\u00a0 altas temperaturas, pr\u00f3ximo comienzo de clases con sus demandas que exigen m\u00e1s gastos a las familias, la Cooperativa El\u00e9ctrica de Concordia implementar\u00e1 una reducci\u00f3n de las tarifas para consumos de hasta 800 kW<\/strong><\/em><\/p>\n<p>&nbsp;<\/p>\n<p>&nbsp;<\/p>\n<p>\u201cPor el per\u00edodo de dos meses, la CEC implementar\u00e1 un descuento en las facturas de energ\u00eda, a partir del redireccionamiento de las erogaciones,\u00a0 contribuyendo de esa forma a la econom\u00eda familiar en estas dif\u00edciles circunstancias\u201d, inform\u00f3 la empresa a trav\u00e9s de una conferencia de prensa realizada esta ma\u00f1ana.<\/p>\n<p>El descuento se implementar\u00e1 en las facturas con vencimiento en marzo y abril del 2023. Abarcar\u00e1 los consumos efectuados en enero y febrero de 2023. Ser\u00e1 del 50 % del facturado por consumo el\u00e9ctrico (primer subtotal de la factura, que a su vez incide sobre todos los tributos) a todos los socios por los consumos hasta 250 Kwh y descuento del 25 % por los consumos en el mencionado periodo facturado, desde los 251 Kwh y hasta los 800 Kwh.<\/p>\n<p>A partir de los 800 Kwh, no se realizar\u00e1n descuentos. Por otro lado, se implementar\u00e1 un programa de asistencia a los socios deudores, con vigencia hasta el 30\/4, cuyas caracter\u00edsticas ser\u00e1n definidas en los pr\u00f3ximos d\u00edas. Tambi\u00e9n se suspender\u00e1n cortes por falta de pago.<\/p>\n<p>&nbsp;<\/p>\n<p><strong>Contexto<\/strong><\/p>\n<p>La Cooperativa record\u00f3 que como distribuidora \u201cno establece ninguno de los precios, impuestos o tasas que componen la facturaci\u00f3n\u201d.<\/p>\n<p>\u201cLa Secretar\u00eda de Energ\u00eda de la Naci\u00f3n dispone el cuadro tarifario para el valor de la energ\u00eda y lleva adelante por segmentos la quita de subsidios\u201d, indic\u00f3 la empresa, aclaran que el aumento y quita de subsidios \u201cno genera ingresos a la cooperativa\u201d.<\/p>\n<p>Por otro lado, el VAD (Valor Agregado de Distribuci\u00f3n), remunera las actividades de las distribuidoras (operaci\u00f3n, mantenimiento e inversiones) y es \u201cprerrogativa del gobierno de la provincia establecer el cuadro tarifario correspondiente. El gobernador (Gustavo Bordet) determin\u00f3 recientemente la suspensi\u00f3n del cuadro que se deb\u00eda aplicar a partir de febrero\u201d, consign\u00f3 la prestataria.<\/p>\n<p>A estos valores se suman impuestos nacionales, provinciales y tasas municipales.<\/p>\n<p>\u201cLos valores del costo de la energ\u00eda, del VAD y los impuestos son los que impactan en el bolsillo de las familias. Si bien la suspensi\u00f3n moment\u00e1nea del VAD en este momento ha morigerado uno de los componentes del costo final, \u00e9ste sigue afectando significativamente las econom\u00edas familiares por los valores que se configuran por los aumentos\u201d, se\u00f1al\u00f3 la Cooperativa<\/p>\n<p>\u201cA\u00fan en estas circunstancias, los \u00edndices de desempe\u00f1o demuestran que la cooperativa lleva adelante una gesti\u00f3n equilibrada y transparente, lo que permite brindar la prestaci\u00f3n de un servicio el\u00e9ctrico eficiente y de calidad cumpliendo con las obligaciones con sus proveedores, como es el caso de CAMMESA (la empresa mayorista de electricidad) siendo una de las pocas distribuidoras del pa\u00eds que est\u00e1 al d\u00eda con la misma por la compra de energ\u00eda efectuada\u201d, remarc\u00f3.<\/p>\n<p>&nbsp;<\/p>\n<p><strong>La respuesta a las quejas<\/strong><\/p>\n<p>\u201cNo escapa a nuestra constante mirada de la realidad que el costo de la energ\u00eda fue generando, por su valor, un creciente descontento en usuarios, tanto residenciales como comerciales, Pymes, etc. Las quejas de nuestros socios se incrementan d\u00eda a d\u00eda, no solamente en nuestra ciudad sino en distintos puntos del pa\u00eds\u201d, consign\u00f3 el presidente de la Cooperativa Marcelo Rub\u00e9n Spinelli.<\/p>\n<p>\u201cTambi\u00e9n entendemos que los m\u00e1rgenes con los que contamos nos limita para adoptar con nuestros propios recursos medidas que aun siendo temporales alivien la carga de la tarifa de electricidad\u201d, agreg\u00f3.<\/p>\n<p>\u201cEn nuestro an\u00e1lisis de estos d\u00edas, hemos observado con un grado importante de preocupaci\u00f3n, que existen dos factores al menos que le agregan una dificultad extra al presente cuadro de situaci\u00f3n, que est\u00e1n vinculados a facturas elevadas que reconoce su causa en la segmentaci\u00f3n dispuestas por las autoridades del gobierno, y a su vez, por las altas temperaturas continuas de la actual temporada estival, que obliga al uso de electrodom\u00e9sticos con alto consumo\u201d, se\u00f1al\u00f3.<\/p>\n<p>\u201cEl otro factor est\u00e1 relacionado con el pr\u00f3ximo inicio del ciclo lectivo del corriente a\u00f1o, donde los gastos escolares constituyen un rengl\u00f3n importante en el presupuesto familiar\u201d, complet\u00f3.<\/p>\n<p>En orden a esto, expres\u00f3: \u201cEn estos a\u00f1os hemos visto que otras empresas similares del pa\u00eds se han sostenido por medio del endeudamiento, principalmente hacia CAMMESA. En nuestro caso, hemos sostenido en el tiempo el cumplimiento de todas nuestras obligaciones. Naturalmente que en buena parte esto representa un esfuerzo de los socios que se mantienen cumpliendo con el pago de sus facturas por el servicio el\u00e9ctrico\u201d.<\/p>\n<p>\u201cPor ello, entendemos que ante los socios de consumo bajo y medio, debemos pensar en acciones que alivien su coyuntura frente a los dos factores que mencion\u00e1ramos: alta temperatura por temporada estival, e inicio del ciclo lectivo, entre otras\u201d, concluy\u00f3.<\/p>\n<p>&nbsp;<\/p>\n","protected":false},"excerpt":{"rendered":"<p>Ante la actual situaci\u00f3n socioecon\u00f3mica, \u00edndices de inflaci\u00f3n que deterioran el salario,\u00a0 consumos elevados de energ\u00eda por\u00a0 altas temperaturas, pr\u00f3ximo comienzo de clases con sus demandas que exigen m\u00e1s gastos a las familias, la Cooperativa El\u00e9ctrica de Concordia implementar\u00e1 una reducci\u00f3n de las tarifas para consumos de hasta 800 kW &nbsp; &nbsp; \u201cPor el per\u00edodo de dos meses, la CEC implementar\u00e1 un descuento en las facturas de energ\u00eda, a partir del redireccionamiento de las erogaciones,\u00a0 contribuyendo de esa forma a la econom\u00eda familiar en estas dif\u00edciles circunstancias\u201d, inform\u00f3 la empresa&#8230;<\/p>\n","protected":false},"author":3,"featured_media":97656,"comment_status":"closed","ping_status":"closed","sticky":false,"template":"","format":"standard","meta":[],"categories":[15],"tags":[],"_links":{"self":[{"href":"https:\/\/www.actualidadadiario.com\/index.php\/wp-json\/wp\/v2\/posts\/97655"}],"collection":[{"href":"https:\/\/www.actualidadadiario.com\/index.php\/wp-json\/wp\/v2\/posts"}],"about":[{"href":"https:\/\/www.actualidadadiario.com\/index.php\/wp-json\/wp\/v2\/types\/post"}],"author":[{"embeddable":true,"href":"https:\/\/www.actualidadadiario.com\/index.php\/wp-json\/wp\/v2\/users\/3"}],"replies":[{"embeddable":true,"href":"https:\/\/www.actualidadadiario.com\/index.php\/wp-json\/wp\/v2\/comments?post=97655"}],"version-history":[{"count":1,"href":"https:\/\/www.actualidadadiario.com\/index.php\/wp-json\/wp\/v2\/posts\/97655\/revisions"}],"predecessor-version":[{"id":97657,"href":"https:\/\/www.actualidadadiario.com\/index.php\/wp-json\/wp\/v2\/posts\/97655\/revisions\/97657"}],"wp:featuredmedia":[{"embeddable":true,"href":"https:\/\/www.actualidadadiario.com\/index.php\/wp-json\/wp\/v2\/media\/97656"}],"wp:attachment":[{"href":"https:\/\/www.actualidadadiario.com\/index.php\/wp-json\/wp\/v2\/media?parent=97655"}],"wp:term":[{"taxonomy":"category","embeddable":true,"href":"https:\/\/www.actualidadadiario.com\/index.php\/wp-json\/wp\/v2\/categories?post=97655"},{"taxonomy":"post_tag","embeddable":true,"href":"https:\/\/www.actualidadadiario.com\/index.php\/wp-json\/wp\/v2\/tags?post=97655"}],"curies":[{"name":"wp","href":"https:\/\/api.w.org\/{rel}","templated":true}]}}