{"id":97652,"date":"2023-02-13T15:08:54","date_gmt":"2023-02-13T18:08:54","guid":{"rendered":"https:\/\/www.actualidadadiario.com\/?p=97652"},"modified":"2023-02-13T15:08:54","modified_gmt":"2023-02-13T18:08:54","slug":"juicio-por-lucio-dupuy-la-fiscalia-pidio-perpetuas-para-la-madre-y-su-pareja","status":"publish","type":"post","link":"https:\/\/www.actualidadadiario.com\/index.php\/2023\/02\/13\/juicio-por-lucio-dupuy-la-fiscalia-pidio-perpetuas-para-la-madre-y-su-pareja\/","title":{"rendered":"Juicio por Lucio Dupuy: La fiscal\u00eda pidi\u00f3 perpetuas para la madre y su pareja"},"content":{"rendered":"<p style=\"text-align: center;\"><em><strong>Tras la audiencia de este lunes, el Tribunal de Audiencia de Santa Rosa anunci\u00f3 que el viernes a las 12 anunciar\u00e1n finalmente la pena para las dos mujeres, consideradas responsables penales del crimen ocurrido el 26 de noviembre de 2021 en la capital de La Pampa<\/strong><\/em><\/p>\n<p>&nbsp;<\/p>\n<p>&nbsp;<\/p>\n<p>La fiscal\u00eda pidi\u00f3 este lunes formalmente en el juicio de cesura por el crimen de Lucio Dupuy, el ni\u00f1o de 5 a\u00f1os asesinado en noviembre de 2021 en La Pampa, que su madre Magdalena Esp\u00f3sito Valenti, y su pareja, Abiga\u00edl P\u00e1ez, ambas ya declaradas culpables, sean condenadas a prisi\u00f3n perpetua, mientras que la querella de la familia de la v\u00edctima a\u00f1adi\u00f3 el pedido de la accesoria \u201cpor tiempo indeterminado\u201d, informaron fuentes judiciales.<\/p>\n<p>De esta manera, y tras la audiencia de este lunes, el Tribunal de Audiencia de Santa Rosa anunci\u00f3 que el pr\u00f3ximo viernes a las 12 los jueces Alejandra Ongaro, Andr\u00e9s Oli\u00e9 y Daniel S\u00e1ez Zamora anunciar\u00e1n finalmente la pena para las dos mujeres, consideradas responsables penales del crimen ocurrido el 26 de noviembre de 2021 en la capital de La Pampa.<\/p>\n<p>A la audiencia concurrieron en forma presencial el fiscal general M\u00e1ximo Paulucci; la fiscala Ver\u00f3nica Ferrero; el querellante particular Jos\u00e9 Mario Aguerrido -en representaci\u00f3n del padre de Lucio, Christian Dupuy, quien tambi\u00e9n asisti\u00f3-; las asesoras de ni\u00f1as, ni\u00f1os y adolescentes, Graciela Massara y Mar\u00eda Gabriela Manera; y personal de la Oficina Judicial.<\/p>\n<p>En cambio, la defensora oficial Mar\u00eda Silvina Blanco G\u00f3mez, el defensor oficial Pablo De Biasi y las imputadas participaron a distancia desde San Luis, donde Esp\u00f3sito Valenti y P\u00e1ez permanecen detenidas.<\/p>\n<p>La fiscal Ferrero pidi\u00f3 que las dos acusadas sean condenadas a prisi\u00f3n perpetua porque, frente a los delitos cometidos, el C\u00f3digo Penal prev\u00e9 solamente esa pena.<\/p>\n<p>El abogado Aguerrido, que representa a la familia Dupuy, adhiri\u00f3 al planteo del Ministerio P\u00fablico Fiscal, pero le a\u00f1adi\u00f3 el requerimiento de que la pena sea de reclusi\u00f3n por tiempo indeterminado, una alternativa que prev\u00e9 el art\u00edculo 52 del C\u00f3digo Penal, en relaci\u00f3n con el 80 que contempla el homicidio agravado.<\/p>\n<p>Lo fund\u00f3, entre otras razones, en la extensi\u00f3n del da\u00f1o provocado a \u201cun chico absolutamente vulnerable\u201d, agregando que la muerte de Lucio fue el final de un proceso de maltrato infantil.<\/p>\n<p>Por su parte, la defensora oficial Blanco G\u00f3mez le pidi\u00f3 al Tribunal que cuantifique la pena que le corresponder\u00eda a P\u00e1ez, por entender que si se aplicase la prisi\u00f3n perpetua \u2013con las normas vigentes hoy en el pa\u00eds\u2013 \u201csolo saldr\u00e1 de la c\u00e1rcel con su muerte, ya que actualmente la pena perpetua es material y literalmente perpetua\u201d.<\/p>\n<p>Adem\u00e1s solicit\u00f3 que esa cuantificaci\u00f3n sea la m\u00ednima por la carencia de antecedentes penales y la edad de la imputada (28 a\u00f1os); y afirm\u00f3 que la Corte Suprema ya fij\u00f3 la inconstitucionalidad de la reclusi\u00f3n por tiempo indeterminado.<\/p>\n<p>Por \u00faltimo, el defensor oficial De Biasi, al hablar por Esp\u00f3sito Valenti, brind\u00f3 argumentos similares y requiri\u00f3 que se le fije \u201cuna pena en a\u00f1os\u201d, con lo que coincidi\u00f3 en que \u201cla prisi\u00f3n perpetua que establece el C\u00f3digo Penal es inconstitucional\u201d ya que \u201clos tratados internacionales impiden la aplicaci\u00f3n de penas crueles, inhumanas y degradantes\u201d.<\/p>\n<p>Antes de que la presidenta del tribunal anunciara que el viernes se conocer\u00e1n las penas que recibir\u00e1n Esp\u00f3sito Valenti y P\u00e1ez, la jueza Ongaro les pregunt\u00f3 a las imputadas si alguna quer\u00eda hablar y ambas, a trav\u00e9s de sus defensores, respondieron que no.<\/p>\n<p>Este lunes a la ma\u00f1ana, antes del inicio de la audiencia, el abuelo de Lucio pidi\u00f3 que espera que ambas condenadas sean separadas en su lugar de detenci\u00f3n.<\/p>\n<p>\u201cPediremos no haya beneficios y que sean separadas urgente. Me molesta mucho porque no deber\u00edan estar juntas. Estuvimos todo el a\u00f1o pidiendo nosotros que sean separadas\u201d, dijo Ram\u00f3n Dupuy esta ma\u00f1ana al canal Cr\u00f3nica TV.<\/p>\n<p>\u201cYo siempre digo que a Lucio no me lo mataron hace un a\u00f1o y dos meses y d\u00edas, me lo mataron ayer. Nosotros vivimos con el mismo dolor, la herida est\u00e1 latente y no se va a cerrar nunca. Estamos tratando de sobrellevarlo\u201d, agreg\u00f3.<\/p>\n<p>El 2 de febrero pasado, el Tribunal de Audiencia de la capital pampeana determin\u00f3 que la madre de Lucio fue responsable del &#8220;homicidio triplemente agravado por v\u00ednculo, alevos\u00eda y ensa\u00f1amiento&#8221; de su hijo.<\/p>\n<p>Mientras que a P\u00e1ez le atribuyeron el mismo delito y tambi\u00e9n el de &#8220;abuso sexual con acceso carnal por v\u00eda anal, ejecutado con un objeto f\u00e1lico, agravado por tratarse de la guardadora y por haberse cometido contra un menor de 18 a\u00f1os de edad, aprovechando la situaci\u00f3n de convivencia preexistente, como delito continuado&#8221;.<\/p>\n<p>Lucio (5) fue asesinado el 26 de noviembre de 2021 en la casa de la calle Allan Kardec al 2300 de Santa Rosa, donde viv\u00eda con la madre y su pareja. La Justicia pudo establecer que a las 17.32 se lo vio a Lucio vivo por \u00faltima vez y que entre esa hora y las 19.40, cuando ambas imputadas salieron solas del departamento, Lucio fue golpeado brutalmente.<\/p>\n<p>A su vez, P\u00e1ez llev\u00f3 en moto a su novia al trabajo de moza en el restaurante de un hotel de la capital pampeana y volvi\u00f3 sola a las 20.49, cuando intent\u00f3 reanimar al ni\u00f1o y lo meti\u00f3 baj\u00f3 la ducha.<\/p>\n<p>A las 21.30, P\u00e1ez sali\u00f3 con Lucio en brazos para el centro asistencial del barrio R\u00edo Atuel, anexo al departamento, pero estaba cerrado.<\/p>\n<p>En ese momento el ni\u00f1o fue asistido por vecinos y finalmente lo trasladaron al Hospital Evita, donde a las 21.45 se constat\u00f3 que ya estaba muerto.<\/p>\n<p>Para el tribunal, las dos mujeres participaron de la golpiza mortal y el nene recibi\u00f3 pu\u00f1etazos, patadas y palazos, adem\u00e1s de un pisot\u00f3n en la espalda por parte de P\u00e1ez (que se pudo determinar por la marca que dej\u00f3 su zapatilla), el cual le provoc\u00f3 lesiones internas.<\/p>\n<p>De acuerdo a los peritos, la causa de la muerte fue un edema cerebral como consecuencia de politraumatismos.<\/p>\n","protected":false},"excerpt":{"rendered":"<p>Tras la audiencia de este lunes, el Tribunal de Audiencia de Santa Rosa anunci\u00f3 que el viernes a las 12 anunciar\u00e1n finalmente la pena para las dos mujeres, consideradas responsables penales del crimen ocurrido el 26 de noviembre de 2021 en la capital de La Pampa &nbsp; &nbsp; La fiscal\u00eda pidi\u00f3 este lunes formalmente en el juicio de cesura por el crimen de Lucio Dupuy, el ni\u00f1o de 5 a\u00f1os asesinado en noviembre de 2021 en La Pampa, que su madre Magdalena Esp\u00f3sito Valenti, y su pareja, Abiga\u00edl P\u00e1ez, ambas&#8230;<\/p>\n","protected":false},"author":3,"featured_media":96858,"comment_status":"closed","ping_status":"closed","sticky":false,"template":"","format":"standard","meta":[],"categories":[4],"tags":[],"_links":{"self":[{"href":"https:\/\/www.actualidadadiario.com\/index.php\/wp-json\/wp\/v2\/posts\/97652"}],"collection":[{"href":"https:\/\/www.actualidadadiario.com\/index.php\/wp-json\/wp\/v2\/posts"}],"about":[{"href":"https:\/\/www.actualidadadiario.com\/index.php\/wp-json\/wp\/v2\/types\/post"}],"author":[{"embeddable":true,"href":"https:\/\/www.actualidadadiario.com\/index.php\/wp-json\/wp\/v2\/users\/3"}],"replies":[{"embeddable":true,"href":"https:\/\/www.actualidadadiario.com\/index.php\/wp-json\/wp\/v2\/comments?post=97652"}],"version-history":[{"count":2,"href":"https:\/\/www.actualidadadiario.com\/index.php\/wp-json\/wp\/v2\/posts\/97652\/revisions"}],"predecessor-version":[{"id":97654,"href":"https:\/\/www.actualidadadiario.com\/index.php\/wp-json\/wp\/v2\/posts\/97652\/revisions\/97654"}],"wp:featuredmedia":[{"embeddable":true,"href":"https:\/\/www.actualidadadiario.com\/index.php\/wp-json\/wp\/v2\/media\/96858"}],"wp:attachment":[{"href":"https:\/\/www.actualidadadiario.com\/index.php\/wp-json\/wp\/v2\/media?parent=97652"}],"wp:term":[{"taxonomy":"category","embeddable":true,"href":"https:\/\/www.actualidadadiario.com\/index.php\/wp-json\/wp\/v2\/categories?post=97652"},{"taxonomy":"post_tag","embeddable":true,"href":"https:\/\/www.actualidadadiario.com\/index.php\/wp-json\/wp\/v2\/tags?post=97652"}],"curies":[{"name":"wp","href":"https:\/\/api.w.org\/{rel}","templated":true}]}}